{"id":18721,"date":"2026-02-12T15:33:49","date_gmt":"2026-02-12T14:33:49","guid":{"rendered":"https:\/\/www.mariusdomingo.com\/altacapa\/?p=18721"},"modified":"2026-02-12T15:33:50","modified_gmt":"2026-02-12T14:33:50","slug":"desempaquetant-incognita-tierra-de-sebald-pablo-perera-velamazan","status":"publish","type":"post","link":"https:\/\/www.mariusdomingo.com\/altacapa\/?p=18721","title":{"rendered":"Desempaquetant \u00abInc\u00f3gnita tierra (De Sebald)\u00bb| Pablo Perera Velamaz\u00e1n"},"content":{"rendered":"\n<p>M&#8217;arriba a la b\u00fastia \u00abInc\u00f3gnita tierra (De Sebald)\u00bb (Shangrila ediciones, 2018) de Pablo Perera Velamaz\u00e1n. El text reflexiona sobre una experi\u00e8ncia traum\u00e0tica \u2014un accident dom\u00e8stic i una operaci\u00f3\u2014 que desencadena una s\u00e8rie d\u2019associacions amb la mort, especialment la de W. G. Sebald i la del propi pare de Perera. L\u2019autor recorre virtualment els llocs vinculats a Sebald i revisita imatges liter\u00e0ries i pict\u00f2riques que evoquen fragilitat i desaparici\u00f3. El proc\u00e9s combina mem\u00f2ria personal, dolor, i reflexi\u00f3 filos\u00f2fica sobre la vulnerabilitat despr\u00e9s de l\u2019anest\u00e8sia, tal com descriu Deleuze. Tot plegat desemboca en una meditaci\u00f3 sobre aprendre a morir, una escriptura fragment\u00e0ria i una necessitat vital d\u2019acostar-se al l\u00edmit de l\u2019exist\u00e8ncia, simbolitzada en les tombes de Sebald i del pare. Una del\u00edcia de llibre, <em>unboxing<\/em> i a llegir unes quantes hores, un text inclassificable, brillant, dif\u00edcil per\u00f2 gratificant. En fi, molt recomanable.<\/p>\n","protected":false},"excerpt":{"rendered":"<p>M&#8217;arriba a la b\u00fastia \u00abInc\u00f3gnita tierra (De Sebald)\u00bb (Shangrila ediciones, 2018) de Pablo Perera Velamaz\u00e1n. El text reflexiona sobre una experi\u00e8ncia traum\u00e0tica \u2014un accident dom\u00e8stic i una operaci\u00f3\u2014 que desencadena una s\u00e8rie d\u2019associacions amb la mort, especialment la de W. G. Sebald i la del propi pare de Perera. L\u2019autor recorre virtualment els llocs vinculats&#8230;<\/p>\n","protected":false},"author":3,"featured_media":18722,"comment_status":"closed","ping_status":"closed","sticky":false,"template":"","format":"standard","meta":{"footnotes":""},"categories":[3],"tags":[],"_links":{"self":[{"href":"https:\/\/www.mariusdomingo.com\/altacapa\/index.php?rest_route=\/wp\/v2\/posts\/18721"}],"collection":[{"href":"https:\/\/www.mariusdomingo.com\/altacapa\/index.php?rest_route=\/wp\/v2\/posts"}],"about":[{"href":"https:\/\/www.mariusdomingo.com\/altacapa\/index.php?rest_route=\/wp\/v2\/types\/post"}],"author":[{"embeddable":true,"href":"https:\/\/www.mariusdomingo.com\/altacapa\/index.php?rest_route=\/wp\/v2\/users\/3"}],"replies":[{"embeddable":true,"href":"https:\/\/www.mariusdomingo.com\/altacapa\/index.php?rest_route=%2Fwp%2Fv2%2Fcomments&post=18721"}],"version-history":[{"count":1,"href":"https:\/\/www.mariusdomingo.com\/altacapa\/index.php?rest_route=\/wp\/v2\/posts\/18721\/revisions"}],"predecessor-version":[{"id":18723,"href":"https:\/\/www.mariusdomingo.com\/altacapa\/index.php?rest_route=\/wp\/v2\/posts\/18721\/revisions\/18723"}],"wp:featuredmedia":[{"embeddable":true,"href":"https:\/\/www.mariusdomingo.com\/altacapa\/index.php?rest_route=\/wp\/v2\/media\/18722"}],"wp:attachment":[{"href":"https:\/\/www.mariusdomingo.com\/altacapa\/index.php?rest_route=%2Fwp%2Fv2%2Fmedia&parent=18721"}],"wp:term":[{"taxonomy":"category","embeddable":true,"href":"https:\/\/www.mariusdomingo.com\/altacapa\/index.php?rest_route=%2Fwp%2Fv2%2Fcategories&post=18721"},{"taxonomy":"post_tag","embeddable":true,"href":"https:\/\/www.mariusdomingo.com\/altacapa\/index.php?rest_route=%2Fwp%2Fv2%2Ftags&post=18721"}],"curies":[{"name":"wp","href":"https:\/\/api.w.org\/{rel}","templated":true}]}}