{"id":2023,"date":"2009-03-08T16:59:18","date_gmt":"2009-03-08T15:59:18","guid":{"rendered":"http:\/\/www.mariusdomingo.com\/altacapa\/?p=2023"},"modified":"2009-03-11T21:16:43","modified_gmt":"2009-03-11T20:16:43","slug":"les-aventures-de-bbcapa-lupita-i-ositu-35","status":"publish","type":"post","link":"https:\/\/www.mariusdomingo.com\/altacapa\/?p=2023","title":{"rendered":"Les aventures de BbCapa, Lupita i Ositu (35)"},"content":{"rendered":"<p><img loading=\"lazy\" decoding=\"async\" id=\"image2024\" src=\"http:\/\/www.mariusdomingo.com\/altacapa\/wp-content\/bbcapa35.JPG\" alt=\"bbcapa35.JPG\" width=\"381\" height=\"318\" \/><br \/>\n&#8212; Com et dius, va dir Nora G\u00f3mez dirigint-se a la nena.<br \/>\n&#8212; Lupita, va respondre la nena.<br \/>\n&#8212; No vas al cole?<br \/>\n&#8212; Vaig n\u00e9ixer, em van explicar on estava Groenl\u00e0ndia, he pujat i baixat escales, he fet dibuixos, se cantar i anar en bicicleta. He vist moltes vegades la Lluna plena, potser unes dues-centes.<br \/>\nNora G\u00f3mez va comen\u00e7ar un somriure. La nena va baixar de la bicicleta i li va donar la m\u00e0. No com quan un adult es presenta, simplement com quan una nena vol anar de la m\u00e0 d\u2019alg\u00fa.<br \/>\nLupita va dir: m\u2019agraden les muntanyes de sal, els llacs, els peixos platejats, no m\u2019agraden les roses, ni les coses que punxen, ni el soroll que fan els llen\u00e7ols quan per la nit et poses al llit i aix\u00f2 vol dir que est\u00e0s sol i que una ombra fosca amb pels llargs t\u2019espera al jard\u00ed.<br \/>\nLupita va estr\u00e8nyer amb for\u00e7a la m\u00e0 de Nora G\u00f3mez.<br \/>\nNora G\u00f3mez va somriure, era un somriure m\u00e9s ampli que el que havia esbossat abans.<\/p>\n<p>[cada setmana, m\u00e9s o menys, un nou cap\u00edtol]<\/p>\n","protected":false},"excerpt":{"rendered":"<p>&#8212; Com et dius, va dir Nora G\u00f3mez dirigint-se a la nena. &#8212; Lupita, va respondre la nena. &#8212; No vas al cole? &#8212; Vaig n\u00e9ixer, em van explicar on estava Groenl\u00e0ndia, he pujat i baixat escales, he fet dibuixos, se cantar i anar en bicicleta. He vist moltes vegades la Lluna plena, potser unes&#8230;<\/p>\n","protected":false},"author":3,"featured_media":0,"comment_status":"open","ping_status":"open","sticky":false,"template":"","format":"standard","meta":{"footnotes":""},"categories":[26],"tags":[],"_links":{"self":[{"href":"https:\/\/www.mariusdomingo.com\/altacapa\/index.php?rest_route=\/wp\/v2\/posts\/2023"}],"collection":[{"href":"https:\/\/www.mariusdomingo.com\/altacapa\/index.php?rest_route=\/wp\/v2\/posts"}],"about":[{"href":"https:\/\/www.mariusdomingo.com\/altacapa\/index.php?rest_route=\/wp\/v2\/types\/post"}],"author":[{"embeddable":true,"href":"https:\/\/www.mariusdomingo.com\/altacapa\/index.php?rest_route=\/wp\/v2\/users\/3"}],"replies":[{"embeddable":true,"href":"https:\/\/www.mariusdomingo.com\/altacapa\/index.php?rest_route=%2Fwp%2Fv2%2Fcomments&post=2023"}],"version-history":[{"count":0,"href":"https:\/\/www.mariusdomingo.com\/altacapa\/index.php?rest_route=\/wp\/v2\/posts\/2023\/revisions"}],"wp:attachment":[{"href":"https:\/\/www.mariusdomingo.com\/altacapa\/index.php?rest_route=%2Fwp%2Fv2%2Fmedia&parent=2023"}],"wp:term":[{"taxonomy":"category","embeddable":true,"href":"https:\/\/www.mariusdomingo.com\/altacapa\/index.php?rest_route=%2Fwp%2Fv2%2Fcategories&post=2023"},{"taxonomy":"post_tag","embeddable":true,"href":"https:\/\/www.mariusdomingo.com\/altacapa\/index.php?rest_route=%2Fwp%2Fv2%2Ftags&post=2023"}],"curies":[{"name":"wp","href":"https:\/\/api.w.org\/{rel}","templated":true}]}}