{"id":2527,"date":"2009-05-08T22:22:35","date_gmt":"2009-05-08T21:22:35","guid":{"rendered":"http:\/\/www.mariusdomingo.com\/altacapa\/?p=2527"},"modified":"2009-05-08T22:25:39","modified_gmt":"2009-05-08T21:25:39","slug":"ii-setmana-del-comic-de-tgn","status":"publish","type":"post","link":"https:\/\/www.mariusdomingo.com\/altacapa\/?p=2527","title":{"rendered":"II Setmana del C\u00f2mic de tgn"},"content":{"rendered":"<p><img loading=\"lazy\" decoding=\"async\" class=\"alignnone size-full wp-image-2526\" style=\"border: 4px double green\" title=\"oliva_caricatura_bloc\" src=\"http:\/\/www.mariusdomingo.com\/altacapa\/wp-content\/oliva_caricatura_bloc.jpg\" alt=\"oliva_caricatura_bloc\" width=\"356\" height=\"524\" srcset=\"https:\/\/www.mariusdomingo.com\/altacapa\/img_blog\/oliva_caricatura_bloc.jpg 519w, https:\/\/www.mariusdomingo.com\/altacapa\/img_blog\/oliva_caricatura_bloc-203x300.jpg 203w\" sizes=\"(max-width: 356px) 100vw, 356px\" \/><\/p>\n<p>Oliva \u00e9s un il\u00b7lustrador i dibuixant de Sabadell que participa en les activitats de la <em>II Setmana del C\u00f2mic de Tarragona<\/em>. Aquesta tarda hem estat amb ell xerrant de c\u00f2mics i de moltes m\u00e9s coses. Un plaer, i vaja moltes gr\u00e0cies pel dibuix.<\/p>\n<p>Encara hem tingut temps d&#8217;anar a la confer\u00e8ncia que amb el t\u00edtol de &#8220;surrealisme al c\u00f2mic&#8221; ha fet <a href=\"http:\/\/es.wikipedia.org\/wiki\/Max\">Max<\/a>, un gegant del c\u00f2mic.<\/p>\n<p><img loading=\"lazy\" decoding=\"async\" class=\"alignnone size-full wp-image-2528\" title=\"oliva2\" src=\"http:\/\/www.mariusdomingo.com\/altacapa\/wp-content\/oliva2.jpg\" alt=\"oliva2\" width=\"175\" height=\"130\" srcset=\"https:\/\/www.mariusdomingo.com\/altacapa\/img_blog\/oliva2.jpg 778w, https:\/\/www.mariusdomingo.com\/altacapa\/img_blog\/oliva2-300x224.jpg 300w\" sizes=\"(max-width: 175px) 100vw, 175px\" \/><img loading=\"lazy\" decoding=\"async\" class=\"alignnone size-full wp-image-2529\" title=\"oliva3\" src=\"http:\/\/www.mariusdomingo.com\/altacapa\/wp-content\/oliva3.jpg\" alt=\"oliva3\" width=\"176\" height=\"130\" \/><\/p>\n","protected":false},"excerpt":{"rendered":"<p>Oliva \u00e9s un il\u00b7lustrador i dibuixant de Sabadell que participa en les activitats de la II Setmana del C\u00f2mic de Tarragona. Aquesta tarda hem estat amb ell xerrant de c\u00f2mics i de moltes m\u00e9s coses. Un plaer, i vaja moltes gr\u00e0cies pel dibuix. Encara hem tingut temps d&#8217;anar a la confer\u00e8ncia que amb el t\u00edtol&#8230;<\/p>\n","protected":false},"author":3,"featured_media":0,"comment_status":"open","ping_status":"open","sticky":false,"template":"","format":"standard","meta":{"footnotes":""},"categories":[7],"tags":[],"_links":{"self":[{"href":"https:\/\/www.mariusdomingo.com\/altacapa\/index.php?rest_route=\/wp\/v2\/posts\/2527"}],"collection":[{"href":"https:\/\/www.mariusdomingo.com\/altacapa\/index.php?rest_route=\/wp\/v2\/posts"}],"about":[{"href":"https:\/\/www.mariusdomingo.com\/altacapa\/index.php?rest_route=\/wp\/v2\/types\/post"}],"author":[{"embeddable":true,"href":"https:\/\/www.mariusdomingo.com\/altacapa\/index.php?rest_route=\/wp\/v2\/users\/3"}],"replies":[{"embeddable":true,"href":"https:\/\/www.mariusdomingo.com\/altacapa\/index.php?rest_route=%2Fwp%2Fv2%2Fcomments&post=2527"}],"version-history":[{"count":0,"href":"https:\/\/www.mariusdomingo.com\/altacapa\/index.php?rest_route=\/wp\/v2\/posts\/2527\/revisions"}],"wp:attachment":[{"href":"https:\/\/www.mariusdomingo.com\/altacapa\/index.php?rest_route=%2Fwp%2Fv2%2Fmedia&parent=2527"}],"wp:term":[{"taxonomy":"category","embeddable":true,"href":"https:\/\/www.mariusdomingo.com\/altacapa\/index.php?rest_route=%2Fwp%2Fv2%2Fcategories&post=2527"},{"taxonomy":"post_tag","embeddable":true,"href":"https:\/\/www.mariusdomingo.com\/altacapa\/index.php?rest_route=%2Fwp%2Fv2%2Ftags&post=2527"}],"curies":[{"name":"wp","href":"https:\/\/api.w.org\/{rel}","templated":true}]}}