{"id":27,"date":"2007-01-28T16:44:04","date_gmt":"2007-01-28T15:44:04","guid":{"rendered":"http:\/\/www.mariusdomingo.com\/altacapa\/?p=27"},"modified":"2007-01-28T17:05:10","modified_gmt":"2007-01-28T16:05:10","slug":"escola-activa","status":"publish","type":"post","link":"https:\/\/www.mariusdomingo.com\/altacapa\/?p=27","title":{"rendered":"Escola activa"},"content":{"rendered":"<p><span lang=\"CA\" style=\"font-family: Arial\"><font size=\"1\">Fa uns dies vaig comen\u00e7ar una xerrada amb els membres d\u2019un centre educatiu parlant de l\u2019escola activa. I de com la LOGSE havia recuperat l\u2019any 1990 aquesta rica tradici\u00f3 pedag\u00f2gica, que el franquisme va estroncar imposant un model educatiu basat en l\u2019escola passiva, en la qual ens hem educat els professors majors de 25 anys, amb el que aix\u00f2 suposa en una professi\u00f3 com la nostra. Vaig comentar breument l\u2019obra capdavantera de Ferrer i Gu\u00e0rdia (creador de l\u2019Escola Moderna el 1902), Pau Vila (que va fundar l\u2019any 1904 la primer escola activa a Barcelona), o Alexandre Gal\u00ed (que va renovar la formaci\u00f3 de mestres), situant en aquest context el treball de Rosa Sensat o Pau Delcl\u00f2s, entre altres.<br \/>\nDespr\u00e9s de la xerrada v\u00e0ries persones em van agrair la introducci\u00f3 que havia fet de l\u2019escola activa (i que jo utilitzo per dir en quin model em sento m\u00e9s c\u00f2mode). Ens pregunt\u00e0vem perqu\u00e8 aquesta tradici\u00f3 tan arrelada en la nostra cultura educativa estava tan poc difosa. Alg\u00fa va apuntar que era un q\u00fcesti\u00f3 de mem\u00f2ria hist\u00f2rica.<br \/>\nAquesta nit, en TV2, a les 21:50, es pot veure el documental Las Misiones Pedag\u00f3gicas, creades l\u2019any 1931 pel primer govern de la Rep\u00fablica, quan a Espanya l\u2019analfabetisme estava al voltant del 45 %. El programa serveix per recuperar un bocinet de mem\u00f2ria hist\u00f2rica.<\/font><\/span><span lang=\"CA\" style=\"font-family: Arial\"><font size=\"2\">\u00a0<\/font><\/span><span lang=\"CA\" style=\"font-family: Arial\"><font size=\"1\">\u00a0<\/p>\n<p><\/font><\/span><\/p>\n","protected":false},"excerpt":{"rendered":"<p>Fa uns dies vaig comen\u00e7ar una xerrada amb els membres d\u2019un centre educatiu parlant de l\u2019escola activa. I de com la LOGSE havia recuperat l\u2019any 1990 aquesta rica tradici\u00f3 pedag\u00f2gica, que el franquisme va estroncar imposant un model educatiu basat en l\u2019escola passiva, en la qual ens hem educat els professors majors de 25 anys,&#8230;<\/p>\n","protected":false},"author":3,"featured_media":0,"comment_status":"open","ping_status":"open","sticky":false,"template":"","format":"standard","meta":{"footnotes":""},"categories":[15],"tags":[],"_links":{"self":[{"href":"https:\/\/www.mariusdomingo.com\/altacapa\/index.php?rest_route=\/wp\/v2\/posts\/27"}],"collection":[{"href":"https:\/\/www.mariusdomingo.com\/altacapa\/index.php?rest_route=\/wp\/v2\/posts"}],"about":[{"href":"https:\/\/www.mariusdomingo.com\/altacapa\/index.php?rest_route=\/wp\/v2\/types\/post"}],"author":[{"embeddable":true,"href":"https:\/\/www.mariusdomingo.com\/altacapa\/index.php?rest_route=\/wp\/v2\/users\/3"}],"replies":[{"embeddable":true,"href":"https:\/\/www.mariusdomingo.com\/altacapa\/index.php?rest_route=%2Fwp%2Fv2%2Fcomments&post=27"}],"version-history":[{"count":0,"href":"https:\/\/www.mariusdomingo.com\/altacapa\/index.php?rest_route=\/wp\/v2\/posts\/27\/revisions"}],"wp:attachment":[{"href":"https:\/\/www.mariusdomingo.com\/altacapa\/index.php?rest_route=%2Fwp%2Fv2%2Fmedia&parent=27"}],"wp:term":[{"taxonomy":"category","embeddable":true,"href":"https:\/\/www.mariusdomingo.com\/altacapa\/index.php?rest_route=%2Fwp%2Fv2%2Fcategories&post=27"},{"taxonomy":"post_tag","embeddable":true,"href":"https:\/\/www.mariusdomingo.com\/altacapa\/index.php?rest_route=%2Fwp%2Fv2%2Ftags&post=27"}],"curies":[{"name":"wp","href":"https:\/\/api.w.org\/{rel}","templated":true}]}}