{"id":304,"date":"2007-04-30T21:51:43","date_gmt":"2007-04-30T20:51:43","guid":{"rendered":"http:\/\/www.mariusdomingo.com\/altacapa\/?p=304"},"modified":"2007-04-30T21:56:54","modified_gmt":"2007-04-30T20:56:54","slug":"lart-com-a-luxe-o-el-luxe-de-lart","status":"publish","type":"post","link":"https:\/\/www.mariusdomingo.com\/altacapa\/?p=304","title":{"rendered":"L&#8217;art com a luxe (o el luxe de l&#8217;art)"},"content":{"rendered":"<p>\u00a0<img loading=\"lazy\" decoding=\"async\" id=\"image303\" style=\"width: 108px; height: 143px\" height=\"143\" alt=\"producta50.jpg\" src=\"http:\/\/www.mariusdomingo.com\/altacapa\/wp-content\/producta50.jpg\" width=\"108\" \/><\/p>\n<p>Segons l&#8217;Associaci\u00f3 Catalana d&#8217;Artistes Visuals (<a href=\"http:\/\/www.aavc.net\/aavc_net\/html\/modules.php?name=News&#038;file=article&#038;sid=227\">ACAV<\/a>) a Espanya hi ha 11.236 professionals que es dediquen a la producci\u00f3 art\u00edstica, dels quals el 50% ingressa menys de 375 \u20ac mensuals pel seu treball art\u00edstic, suposem que tenen altra font d\u2019ingressos. Aix\u00f2 contrasta clarament amb propostes com la que feia aquest diumenge <em>El Pa\u00eds Semanal<\/em>, que dedicava un n\u00famero extra al luxe, en qu\u00e8 l\u2019art (concretament l\u2019art contemporani), disposava d\u2019un bon nombre de p\u00e0gines dedicades a les subhastes internacionals, fet que tamb\u00e9 t\u00e9 espai reservat a les p\u00e0gines salm\u00f3 dels diaris econ\u00f2mics, com ara <em><a href=\"http:\/\/www.expansion.com\/\">Expansi\u00f3n<\/a><\/em> (nom\u00e9s subscriptors), on avui es feien ress\u00f2 de les properes subhastes i les oportunitats d\u2019inversi\u00f3 que suposen. Total: l\u2019art com a valor econ\u00f2mic, directament com a assignatura obligat\u00f2ria a ESADE i altres escoles de negocis.<\/p>\n<p>Per cert, ahir en <em>Expansi\u00f3<\/em>, I\u00f1aki Garay, director de redacci\u00f3, ens presentava una meravellosa perla en forma d\u2019article titulat \u201cCompromiso\u201d. El pa\u00eds s\u2019enfonsa per culpa de l\u2019educaci\u00f3, que resulta ser la b\u00e8stia <em>parda<\/em> de l\u2019economia nacional. Garay parteix d\u2019un parell d\u2019an\u00e8cdotes, i algunes al\u00b7lusions a l\u2019informe PISA. Ni un n\u00famero. Ni una data. Aix\u00f2 s\u00ed: \u201cel sistema educatiu s\u2019ha convertit en un <em>coladero<\/em>\u201d, \u201cestem a la cua de l\u2019OCDE\u201d, \u201cel llist\u00f3 [d\u2019exig\u00e8ncia] s\u2019ha situat al nivell del terra\u201d, etc. D\u2019una persona amb tants de recursos i tan viatjat i llegit, es podria esperar una an\u00e0lisi m\u00e9s profund i no un comentari banal i ple de t\u00f2pics rancis que posen de manifest un desconeixement absolut del que es diu.<\/p>\n<p>En <em>Producta50<\/em> (<a href=\"http:\/\/www.ypsite.net\/esp\/p50\/\">pdf<\/a> de 308 p\u00e0gines i 1,71\u00a0 MB), que ha publicat fa poc el Centre d&#8217;Art Santa M\u00f2nica, en la col\u00b7lecci\u00f3 <em>CASMdoc<\/em>, que dirigeix Antonio Ortega, es fa una an\u00e0lisi de la complexa relaci\u00f3 existent entre cultura i economia. Com podeu imaginar la lectura a fons d\u2019aquest informe requereix una llarga estona, i una bona concentraci\u00f3. Per ara he llegit el cap\u00edtol que Antonella Corsani dedica a la feina dels artista, Corsani els hi recomana que diversifiquin les seves accions, o sigui, dispersi\u00f3 en lloc de concentraci\u00f3. Sincerament havia pensat sempre que es tractava justament de fer tot el contrari.<\/p>\n","protected":false},"excerpt":{"rendered":"<p>\u00a0 Segons l&#8217;Associaci\u00f3 Catalana d&#8217;Artistes Visuals (ACAV) a Espanya hi ha 11.236 professionals que es dediquen a la producci\u00f3 art\u00edstica, dels quals el 50% ingressa menys de 375 \u20ac mensuals pel seu treball art\u00edstic, suposem que tenen altra font d\u2019ingressos. Aix\u00f2 contrasta clarament amb propostes com la que feia aquest diumenge El Pa\u00eds Semanal, que&#8230;<\/p>\n","protected":false},"author":3,"featured_media":0,"comment_status":"open","ping_status":"open","sticky":false,"template":"","format":"standard","meta":{"footnotes":""},"categories":[6,15,3],"tags":[],"_links":{"self":[{"href":"https:\/\/www.mariusdomingo.com\/altacapa\/index.php?rest_route=\/wp\/v2\/posts\/304"}],"collection":[{"href":"https:\/\/www.mariusdomingo.com\/altacapa\/index.php?rest_route=\/wp\/v2\/posts"}],"about":[{"href":"https:\/\/www.mariusdomingo.com\/altacapa\/index.php?rest_route=\/wp\/v2\/types\/post"}],"author":[{"embeddable":true,"href":"https:\/\/www.mariusdomingo.com\/altacapa\/index.php?rest_route=\/wp\/v2\/users\/3"}],"replies":[{"embeddable":true,"href":"https:\/\/www.mariusdomingo.com\/altacapa\/index.php?rest_route=%2Fwp%2Fv2%2Fcomments&post=304"}],"version-history":[{"count":0,"href":"https:\/\/www.mariusdomingo.com\/altacapa\/index.php?rest_route=\/wp\/v2\/posts\/304\/revisions"}],"wp:attachment":[{"href":"https:\/\/www.mariusdomingo.com\/altacapa\/index.php?rest_route=%2Fwp%2Fv2%2Fmedia&parent=304"}],"wp:term":[{"taxonomy":"category","embeddable":true,"href":"https:\/\/www.mariusdomingo.com\/altacapa\/index.php?rest_route=%2Fwp%2Fv2%2Fcategories&post=304"},{"taxonomy":"post_tag","embeddable":true,"href":"https:\/\/www.mariusdomingo.com\/altacapa\/index.php?rest_route=%2Fwp%2Fv2%2Ftags&post=304"}],"curies":[{"name":"wp","href":"https:\/\/api.w.org\/{rel}","templated":true}]}}