{"id":506,"date":"2007-07-24T22:23:33","date_gmt":"2007-07-24T21:23:33","guid":{"rendered":"http:\/\/www.mariusdomingo.com\/altacapa\/?p=506"},"modified":"2007-07-24T22:25:45","modified_gmt":"2007-07-24T21:25:45","slug":"bellesa-i-trafic-dens","status":"publish","type":"post","link":"https:\/\/www.mariusdomingo.com\/altacapa\/?p=506","title":{"rendered":"Bellesa i &#8220;tr\u00e0fic dens&#8221;"},"content":{"rendered":"<p><img loading=\"lazy\" decoding=\"async\" id=\"image505\" style=\"width: 69px; height: 60px\" height=\"60\" alt=\"atascu3.jpg\" src=\"http:\/\/www.mariusdomingo.com\/altacapa\/wp-content\/atascu3.jpg\" width=\"69\" \/>\u00a0\u00a0\u00a0 <img loading=\"lazy\" decoding=\"async\" id=\"image504\" style=\"width: 120px; height: 79px\" height=\"79\" alt=\"trafic2.jpg\" src=\"http:\/\/www.mariusdomingo.com\/altacapa\/wp-content\/trafic2.jpg\" width=\"120\" \/>\u00a0 <img loading=\"lazy\" decoding=\"async\" id=\"image503\" style=\"width: 119px; height: 79px\" height=\"79\" alt=\"atascu2.jpg\" src=\"http:\/\/www.mariusdomingo.com\/altacapa\/wp-content\/atascu2.jpg\" width=\"119\" \/><\/p>\n<p>Llegeixo a l\u2019hora d\u2019esmorzar en <em>Expansi\u00f3n<\/em> l\u2019article de Clara Ruiz de Gauna \u201cLas medidas de la belleza\u201d. Mireu com comen\u00e7a la columna: \u201cLa bellesa \u00e9s una caracter\u00edstica d\u2019algunes persones i coses que fa estimar-les, infonent delit espiritual. Aquesta propietat existeix a la natura i a les obres liter\u00e0ries i art\u00edstiques. La bellesa \u00e9s tamb\u00e9 una forma de fer negocis. Concursos de misses i el peculiar r\u00e0nquing de les meravelles del m\u00f3n avalen aquesta tesi\u201d, l\u2019article analitza el negoci rod\u00f3 que ha fet el su\u00efs Bernard Weber amb aix\u00f2 de les meravelles del m\u00f3n. M\u2019encanta que una economista d\u2019un diari ultra liberal tracti amb tanta profunditat un dels temes centrals de l\u2019est\u00e8tica. Llavors, mentre anava en cotxe cap a Barcelona, a les 7 del mat\u00ed, he pensat aquesta definici\u00f3 de bellesa: \u201cuna qualitat particular que pensem que \u00e9s universal, ens atrau perqu\u00e8 aix\u00ed deixem de ser particulars i passem a ser universals\u201d. No \u00e9s gran cosa, com podeu veure, dues hores de cotxe no donen per m\u00e9s. Un joc de paraules etc.<\/p>\n","protected":false},"excerpt":{"rendered":"<p>\u00a0\u00a0\u00a0 \u00a0 Llegeixo a l\u2019hora d\u2019esmorzar en Expansi\u00f3n l\u2019article de Clara Ruiz de Gauna \u201cLas medidas de la belleza\u201d. Mireu com comen\u00e7a la columna: \u201cLa bellesa \u00e9s una caracter\u00edstica d\u2019algunes persones i coses que fa estimar-les, infonent delit espiritual. Aquesta propietat existeix a la natura i a les obres liter\u00e0ries i art\u00edstiques. La bellesa \u00e9s&#8230;<\/p>\n","protected":false},"author":3,"featured_media":0,"comment_status":"open","ping_status":"open","sticky":false,"template":"","format":"standard","meta":{"footnotes":""},"categories":[11,6],"tags":[],"_links":{"self":[{"href":"https:\/\/www.mariusdomingo.com\/altacapa\/index.php?rest_route=\/wp\/v2\/posts\/506"}],"collection":[{"href":"https:\/\/www.mariusdomingo.com\/altacapa\/index.php?rest_route=\/wp\/v2\/posts"}],"about":[{"href":"https:\/\/www.mariusdomingo.com\/altacapa\/index.php?rest_route=\/wp\/v2\/types\/post"}],"author":[{"embeddable":true,"href":"https:\/\/www.mariusdomingo.com\/altacapa\/index.php?rest_route=\/wp\/v2\/users\/3"}],"replies":[{"embeddable":true,"href":"https:\/\/www.mariusdomingo.com\/altacapa\/index.php?rest_route=%2Fwp%2Fv2%2Fcomments&post=506"}],"version-history":[{"count":0,"href":"https:\/\/www.mariusdomingo.com\/altacapa\/index.php?rest_route=\/wp\/v2\/posts\/506\/revisions"}],"wp:attachment":[{"href":"https:\/\/www.mariusdomingo.com\/altacapa\/index.php?rest_route=%2Fwp%2Fv2%2Fmedia&parent=506"}],"wp:term":[{"taxonomy":"category","embeddable":true,"href":"https:\/\/www.mariusdomingo.com\/altacapa\/index.php?rest_route=%2Fwp%2Fv2%2Fcategories&post=506"},{"taxonomy":"post_tag","embeddable":true,"href":"https:\/\/www.mariusdomingo.com\/altacapa\/index.php?rest_route=%2Fwp%2Fv2%2Ftags&post=506"}],"curies":[{"name":"wp","href":"https:\/\/api.w.org\/{rel}","templated":true}]}}