{"id":5284,"date":"2010-09-16T20:51:39","date_gmt":"2010-09-16T19:51:39","guid":{"rendered":"http:\/\/www.mariusdomingo.com\/altacapa\/?p=5284"},"modified":"2010-09-16T20:51:39","modified_gmt":"2010-09-16T19:51:39","slug":"claude-collet-al-mamt","status":"publish","type":"post","link":"https:\/\/www.mariusdomingo.com\/altacapa\/?p=5284","title":{"rendered":"Claude Collet al MAMT"},"content":{"rendered":"<p><a href=\"http:\/\/www.mariusdomingo.com\/altacapa\/wp-content\/claude-collet.jpg\"><img loading=\"lazy\" decoding=\"async\" class=\"alignnone size-full wp-image-5285\" title=\"claude-collet\" src=\"http:\/\/www.mariusdomingo.com\/altacapa\/wp-content\/claude-collet.jpg\" alt=\"claude-collet\" width=\"316\" height=\"526\" srcset=\"https:\/\/www.mariusdomingo.com\/altacapa\/img_blog\/claude-collet.jpg 452w, https:\/\/www.mariusdomingo.com\/altacapa\/img_blog\/claude-collet-180x300.jpg 180w\" sizes=\"(max-width: 316px) 100vw, 316px\" \/><\/a><\/p>\n<p><em>En la personalidad de Claude Collet nos encontramos con una artista bien poco inclinada a la frivolidad, a las\u00a0 iridiscencias, a las blanduras y fugacidades, apasionada y seria. En su obra se dan asuntos religiosos, figuras, paisajes, flores y bodegones. En los primeros, el talento despliega una capacidad de invenci\u00f3n compositiva verdaderamente notable. Con un m\u00ednimo de referencia\u00fcdad exacta, pero con un gran instinto de la masa, ensambla y transforma sus elementos, a los cuales aplica coloraciones decididas y a menudo muy poco exactas, pero siempre expresivas. En los otros, particularmente sus temas de azoteas y casas, la pintora interroga sus objetos con un acuciante inter\u00e9s por su esenclalidad estricta, equilibrando sus planos en angulosidades aplomadas, con absoluta abstenci\u00f3n de habilidades y argucias, obteniendo por su limitaci\u00f3n crom\u00e1tica y por su trazo imperioso y d\u00factil una admirable condici\u00f3n pl\u00e1stica.<\/em><\/p>\n<p>Aix\u00f2 deia el cr\u00edtic d&#8217;art Juan Cort\u00e9s en <em>La Vanguardia<\/em> el 10 de maig de 1957 [<a href=\"http:\/\/hemeroteca.lavanguardia.es\/preview\/1957\/05\/10\/pagina-6\/32761398\/pdf.html\">aqu\u00ed<\/a>], a prop\u00f2sit de la primera mostra individual de Claude Collet. Per cert: fant\u00e0stica la iniciativa de <em>La Vanguardia<\/em> digitalitzant el seu fons hist\u00f2ric, consultable per internet de forma gratu\u00efta. Crec que 63 anys despr\u00e9s el comentari de Cort\u00e9s continua plenament vigent. Les obres han estat ben seleccionades i ens donen una imatge molt completa del seu treball.<\/p>\n<p>[fins el 7 de novembre de 2010 al <a href=\"http:\/\/www.altanet.org\/MAMT\/CAT\/mamt.htm\">MAMT<\/a>]<\/p>\n","protected":false},"excerpt":{"rendered":"<p>En la personalidad de Claude Collet nos encontramos con una artista bien poco inclinada a la frivolidad, a las\u00a0 iridiscencias, a las blanduras y fugacidades, apasionada y seria. En su obra se dan asuntos religiosos, figuras, paisajes, flores y bodegones. En los primeros, el talento despliega una capacidad de invenci\u00f3n compositiva verdaderamente notable. Con un&#8230;<\/p>\n","protected":false},"author":3,"featured_media":0,"comment_status":"open","ping_status":"open","sticky":false,"template":"","format":"standard","meta":{"footnotes":""},"categories":[19,16],"tags":[],"_links":{"self":[{"href":"https:\/\/www.mariusdomingo.com\/altacapa\/index.php?rest_route=\/wp\/v2\/posts\/5284"}],"collection":[{"href":"https:\/\/www.mariusdomingo.com\/altacapa\/index.php?rest_route=\/wp\/v2\/posts"}],"about":[{"href":"https:\/\/www.mariusdomingo.com\/altacapa\/index.php?rest_route=\/wp\/v2\/types\/post"}],"author":[{"embeddable":true,"href":"https:\/\/www.mariusdomingo.com\/altacapa\/index.php?rest_route=\/wp\/v2\/users\/3"}],"replies":[{"embeddable":true,"href":"https:\/\/www.mariusdomingo.com\/altacapa\/index.php?rest_route=%2Fwp%2Fv2%2Fcomments&post=5284"}],"version-history":[{"count":0,"href":"https:\/\/www.mariusdomingo.com\/altacapa\/index.php?rest_route=\/wp\/v2\/posts\/5284\/revisions"}],"wp:attachment":[{"href":"https:\/\/www.mariusdomingo.com\/altacapa\/index.php?rest_route=%2Fwp%2Fv2%2Fmedia&parent=5284"}],"wp:term":[{"taxonomy":"category","embeddable":true,"href":"https:\/\/www.mariusdomingo.com\/altacapa\/index.php?rest_route=%2Fwp%2Fv2%2Fcategories&post=5284"},{"taxonomy":"post_tag","embeddable":true,"href":"https:\/\/www.mariusdomingo.com\/altacapa\/index.php?rest_route=%2Fwp%2Fv2%2Ftags&post=5284"}],"curies":[{"name":"wp","href":"https:\/\/api.w.org\/{rel}","templated":true}]}}