{"id":5288,"date":"2010-09-17T13:06:26","date_gmt":"2010-09-17T12:06:26","guid":{"rendered":"http:\/\/www.mariusdomingo.com\/altacapa\/?p=5288"},"modified":"2010-09-17T13:06:26","modified_gmt":"2010-09-17T12:06:26","slug":"jordi-abello-a-la-galeria-canem","status":"publish","type":"post","link":"https:\/\/www.mariusdomingo.com\/altacapa\/?p=5288","title":{"rendered":"Jordi Abell\u00f3 a la Galeria C\u00e0nem"},"content":{"rendered":"<p><a href=\"http:\/\/www.mariusdomingo.com\/altacapa\/wp-content\/crim-jordi-abello.jpg\"><img loading=\"lazy\" decoding=\"async\" class=\"alignnone size-full wp-image-5289\" title=\"crim-jordi-abello\" src=\"http:\/\/www.mariusdomingo.com\/altacapa\/wp-content\/crim-jordi-abello.jpg\" alt=\"crim-jordi-abello\" width=\"393\" height=\"280\" srcset=\"https:\/\/www.mariusdomingo.com\/altacapa\/img_blog\/crim-jordi-abello.jpg 600w, https:\/\/www.mariusdomingo.com\/altacapa\/img_blog\/crim-jordi-abello-300x213.jpg 300w\" sizes=\"(max-width: 393px) 100vw, 393px\" \/><\/a><\/p>\n<p><a href=\"http:\/\/www.jordiabello.com\/\">Jordi Abell\u00f3<\/a> (Reus, 1970) \u00e9s un dels artistes m\u00e9s interessants de casa nostra. Fins el 20 d\u2019octubre exposa la seva nova s\u00e8rie CRIM\/CRIME a la <a href=\"http:\/\/www.galeriacanem.com\/\">Galeria C\u00e0nem<\/a> de Castell\u00f3, val la pena fer una excursi\u00f3!<\/p>\n","protected":false},"excerpt":{"rendered":"<p>Jordi Abell\u00f3 (Reus, 1970) \u00e9s un dels artistes m\u00e9s interessants de casa nostra. Fins el 20 d\u2019octubre exposa la seva nova s\u00e8rie CRIM\/CRIME a la Galeria C\u00e0nem de Castell\u00f3, val la pena fer una excursi\u00f3!<\/p>\n","protected":false},"author":3,"featured_media":0,"comment_status":"open","ping_status":"open","sticky":false,"template":"","format":"standard","meta":{"footnotes":""},"categories":[19],"tags":[],"_links":{"self":[{"href":"https:\/\/www.mariusdomingo.com\/altacapa\/index.php?rest_route=\/wp\/v2\/posts\/5288"}],"collection":[{"href":"https:\/\/www.mariusdomingo.com\/altacapa\/index.php?rest_route=\/wp\/v2\/posts"}],"about":[{"href":"https:\/\/www.mariusdomingo.com\/altacapa\/index.php?rest_route=\/wp\/v2\/types\/post"}],"author":[{"embeddable":true,"href":"https:\/\/www.mariusdomingo.com\/altacapa\/index.php?rest_route=\/wp\/v2\/users\/3"}],"replies":[{"embeddable":true,"href":"https:\/\/www.mariusdomingo.com\/altacapa\/index.php?rest_route=%2Fwp%2Fv2%2Fcomments&post=5288"}],"version-history":[{"count":0,"href":"https:\/\/www.mariusdomingo.com\/altacapa\/index.php?rest_route=\/wp\/v2\/posts\/5288\/revisions"}],"wp:attachment":[{"href":"https:\/\/www.mariusdomingo.com\/altacapa\/index.php?rest_route=%2Fwp%2Fv2%2Fmedia&parent=5288"}],"wp:term":[{"taxonomy":"category","embeddable":true,"href":"https:\/\/www.mariusdomingo.com\/altacapa\/index.php?rest_route=%2Fwp%2Fv2%2Fcategories&post=5288"},{"taxonomy":"post_tag","embeddable":true,"href":"https:\/\/www.mariusdomingo.com\/altacapa\/index.php?rest_route=%2Fwp%2Fv2%2Ftags&post=5288"}],"curies":[{"name":"wp","href":"https:\/\/api.w.org\/{rel}","templated":true}]}}