{"id":540,"date":"2007-08-24T15:10:47","date_gmt":"2007-08-24T14:10:47","guid":{"rendered":"http:\/\/www.mariusdomingo.com\/altacapa\/?p=540"},"modified":"2007-08-24T15:14:37","modified_gmt":"2007-08-24T14:14:37","slug":"lectures-destiu-en-torno-al-art-brut-de-serge-fauchereau","status":"publish","type":"post","link":"https:\/\/www.mariusdomingo.com\/altacapa\/?p=540","title":{"rendered":"Lectures d&#8217;estiu: En torno al art brut, de Serge Fauchereau"},"content":{"rendered":"<p><img loading=\"lazy\" decoding=\"async\" id=\"image539\" style=\"height: 145px\" height=\"145\" alt=\"entorn_a_brut.jpg\" src=\"http:\/\/www.mariusdomingo.com\/altacapa\/wp-content\/entorn_a_brut.jpg\" width=\"120\" \/><\/p>\n<p>9 experts en art brut escriuen cadasc\u00fa un cap\u00edtol d\u2019aquest llibre, a partir d\u2019un cicle de confer\u00e8ncies que es va fer a comen\u00e7aments de l\u2019any passat al \u201cC\u00edrculo de Bellas Artes\u201d de Madrid, i que he anat llegint a estones.<br \/>\nJean Dubuffet, qui va encunyar el terme, va definir l\u2019art brut com \u201ctota pr\u00e0ctica art\u00edstica, intermitent o permanent, realitzada per una persona indemne a la cultura art\u00edstica en les quals el mimetisme, al contrari del que passa en els intel\u00b7lectuals, t\u00e9 poc o res a veure, de forma que els seus autors ho extrauen tot (temes, elecci\u00f3 de materials usats, etc) del seu propi fons i no de les trivialitats de l\u2019art de moda\u201d, o sigui persones allunyades de la cultura, ja sigui un carter, un miner o una persona tancada de per vida en un psiqui\u00e0tric. Carlos P\u00e9rez dedica el seu cap\u00edtol a parlar de la influ\u00e8ncia de l\u2019art brut en autors com T\u00e0pies, Torres-Garcia o Tarrats. La definici\u00f3 \u00e9s del l\u2019any 1949, i les traduccions meves.<\/p>\n<p><font size=\"1\">|Serge Fauchereau | En torno al art brut | C\u00edrculo de Bellas Artes| Madrid, 2007|178 p\u00e0gines, il\u00b7lustracions en color, 11\u20ac| <\/font><\/p>\n","protected":false},"excerpt":{"rendered":"<p>9 experts en art brut escriuen cadasc\u00fa un cap\u00edtol d\u2019aquest llibre, a partir d\u2019un cicle de confer\u00e8ncies que es va fer a comen\u00e7aments de l\u2019any passat al \u201cC\u00edrculo de Bellas Artes\u201d de Madrid, i que he anat llegint a estones. Jean Dubuffet, qui va encunyar el terme, va definir l\u2019art brut com \u201ctota pr\u00e0ctica art\u00edstica,&#8230;<\/p>\n","protected":false},"author":3,"featured_media":0,"comment_status":"open","ping_status":"open","sticky":false,"template":"","format":"standard","meta":{"footnotes":""},"categories":[11,3],"tags":[],"_links":{"self":[{"href":"https:\/\/www.mariusdomingo.com\/altacapa\/index.php?rest_route=\/wp\/v2\/posts\/540"}],"collection":[{"href":"https:\/\/www.mariusdomingo.com\/altacapa\/index.php?rest_route=\/wp\/v2\/posts"}],"about":[{"href":"https:\/\/www.mariusdomingo.com\/altacapa\/index.php?rest_route=\/wp\/v2\/types\/post"}],"author":[{"embeddable":true,"href":"https:\/\/www.mariusdomingo.com\/altacapa\/index.php?rest_route=\/wp\/v2\/users\/3"}],"replies":[{"embeddable":true,"href":"https:\/\/www.mariusdomingo.com\/altacapa\/index.php?rest_route=%2Fwp%2Fv2%2Fcomments&post=540"}],"version-history":[{"count":0,"href":"https:\/\/www.mariusdomingo.com\/altacapa\/index.php?rest_route=\/wp\/v2\/posts\/540\/revisions"}],"wp:attachment":[{"href":"https:\/\/www.mariusdomingo.com\/altacapa\/index.php?rest_route=%2Fwp%2Fv2%2Fmedia&parent=540"}],"wp:term":[{"taxonomy":"category","embeddable":true,"href":"https:\/\/www.mariusdomingo.com\/altacapa\/index.php?rest_route=%2Fwp%2Fv2%2Fcategories&post=540"},{"taxonomy":"post_tag","embeddable":true,"href":"https:\/\/www.mariusdomingo.com\/altacapa\/index.php?rest_route=%2Fwp%2Fv2%2Ftags&post=540"}],"curies":[{"name":"wp","href":"https:\/\/api.w.org\/{rel}","templated":true}]}}