{"id":546,"date":"2007-08-26T21:04:00","date_gmt":"2007-08-26T20:04:00","guid":{"rendered":"http:\/\/www.mariusdomingo.com\/altacapa\/?p=546"},"modified":"2007-08-26T21:04:00","modified_gmt":"2007-08-26T20:04:00","slug":"les-aventures-de-bbcapa-lupita-i-ositu-13","status":"publish","type":"post","link":"https:\/\/www.mariusdomingo.com\/altacapa\/?p=546","title":{"rendered":"Les aventures de Bbcapa, Lupita i ositu (13)"},"content":{"rendered":"<p><a class=\"imagelink\" title=\"bbcapa13.JPG\" href=\"http:\/\/www.mariusdomingo.com\/altacapa\/wp-content\/bbcapa13.JPG\"><img loading=\"lazy\" decoding=\"async\" id=\"image545\" style=\"width: 359px; height: 236px\" height=\"236\" alt=\"bbcapa13.JPG\" src=\"http:\/\/www.mariusdomingo.com\/altacapa\/wp-content\/bbcapa13.JPG\" width=\"359\" \/><\/a><\/p>\n<p>Bbcapa va con\u00e8ixer a Lupita i Ositu al col\u00b7legi. Eren inseparables. Anaven sempre junts. De fet ning\u00fa parlava amb ells i ells no parlaven amb ning\u00fa m\u00e9s. Qui podia estar interessat en una nena Islandesa amb nom mexic\u00e0 que sempre arrossegava un aneguet amb rodes, en un osset de peluix de color rosa i en alg\u00fa com Bbcapa? Bbcapa va obtenir moltes respostes al col\u00b7legi, per\u00f2 algunes preguntes es van quedar sense contestar. Eren q\u00fcestions importants que ning\u00fa es prenia seriosament, per Bbcapa eren les m\u00e9s importats del m\u00f3n. Bbcapa volia saber perqu\u00e8 el blau era blau, perqu\u00e8 les coses blaves eren blaves i perqu\u00e8 una campana de bronze afinada en dos ter\u00e7os de do comen\u00e7ava sonant en color vermell i despr\u00e9s alternava el blau i el verd. Tot aix\u00f2 va ser abans de la invasi\u00f3 dels regalets i abans de qu\u00e8 el color taronja \u2013un color que ning\u00fa recordava haver vist mai\u2013 comenc\u00e9s a ser enyorat.<\/p>\n<p>\u00a0<\/p>\n","protected":false},"excerpt":{"rendered":"<p>Bbcapa va con\u00e8ixer a Lupita i Ositu al col\u00b7legi. Eren inseparables. Anaven sempre junts. De fet ning\u00fa parlava amb ells i ells no parlaven amb ning\u00fa m\u00e9s. Qui podia estar interessat en una nena Islandesa amb nom mexic\u00e0 que sempre arrossegava un aneguet amb rodes, en un osset de peluix de color rosa i en&#8230;<\/p>\n","protected":false},"author":3,"featured_media":0,"comment_status":"open","ping_status":"open","sticky":false,"template":"","format":"standard","meta":{"footnotes":""},"categories":[26],"tags":[],"_links":{"self":[{"href":"https:\/\/www.mariusdomingo.com\/altacapa\/index.php?rest_route=\/wp\/v2\/posts\/546"}],"collection":[{"href":"https:\/\/www.mariusdomingo.com\/altacapa\/index.php?rest_route=\/wp\/v2\/posts"}],"about":[{"href":"https:\/\/www.mariusdomingo.com\/altacapa\/index.php?rest_route=\/wp\/v2\/types\/post"}],"author":[{"embeddable":true,"href":"https:\/\/www.mariusdomingo.com\/altacapa\/index.php?rest_route=\/wp\/v2\/users\/3"}],"replies":[{"embeddable":true,"href":"https:\/\/www.mariusdomingo.com\/altacapa\/index.php?rest_route=%2Fwp%2Fv2%2Fcomments&post=546"}],"version-history":[{"count":0,"href":"https:\/\/www.mariusdomingo.com\/altacapa\/index.php?rest_route=\/wp\/v2\/posts\/546\/revisions"}],"wp:attachment":[{"href":"https:\/\/www.mariusdomingo.com\/altacapa\/index.php?rest_route=%2Fwp%2Fv2%2Fmedia&parent=546"}],"wp:term":[{"taxonomy":"category","embeddable":true,"href":"https:\/\/www.mariusdomingo.com\/altacapa\/index.php?rest_route=%2Fwp%2Fv2%2Fcategories&post=546"},{"taxonomy":"post_tag","embeddable":true,"href":"https:\/\/www.mariusdomingo.com\/altacapa\/index.php?rest_route=%2Fwp%2Fv2%2Ftags&post=546"}],"curies":[{"name":"wp","href":"https:\/\/api.w.org\/{rel}","templated":true}]}}