{"id":614,"date":"2007-09-22T16:03:29","date_gmt":"2007-09-22T15:03:29","guid":{"rendered":"http:\/\/www.mariusdomingo.com\/altacapa\/?p=614"},"modified":"2007-09-24T21:44:43","modified_gmt":"2007-09-24T20:44:43","slug":"nicolai","status":"publish","type":"post","link":"https:\/\/www.mariusdomingo.com\/altacapa\/?p=614","title":{"rendered":"Nicolai"},"content":{"rendered":"<p><img loading=\"lazy\" decoding=\"async\" id=\"image613\" style=\"width: 155px; height: 113px\" height=\"113\" alt=\"foscor.jpg\" src=\"http:\/\/www.mariusdomingo.com\/altacapa\/wp-content\/foscor.jpg\" width=\"155\" \/><\/p>\n<p>La not\u00edcia (<a href=\"http:\/\/www.noticies.cat\/pnoticies\/notItem.jsp?item=noticia&#038;idint=213723\">aqu\u00ed<\/a> completa) deia &#8220;Un home de nacionalitat romanesa es troba en estat greu despr\u00e9s de cremar-se davant de la subdelegaci\u00f3 del govern de Castell\u00f3 per sol\u00b7licitar ajuda econ\u00f2mica amb la finalitat de poder tornar al seu pa\u00eds amb la seva fam\u00edlia. En un primer moment, ha estat ingressat a l&#8217;hospital general de Castell\u00f3, per\u00f2 ha estat traslladat a la unitat de cremats de la Fe per la gravetat del seu estat. La seva intenci\u00f3 era su\u00efcidar-se i aix\u00ed ja ho havia comunicat a la familia. L&#8217;home estava desesperat per la situaci\u00f3 que vivia despr\u00e9s d&#8217;haver vingut a Espanya (04\/09\/2007)&#8221;<\/p>\n<p>La not\u00edcia de la seva mort, fa un parell de dies, va ocupar algunes columnes en la premsa i va permetre que a la TV tornessin a emetre l\u2019esgarrif\u00f3s v\u00eddeo del moment en qu\u00e8 es calava foc. Segons els diaris que he consultat va morir sol a l\u2019hospital de La Fe de Val\u00e8ncia. Pensava que avui farien un reportatge a l\u2019Informe Semanal de TV1, per\u00f2 no. Ni tan sols el meu admirat <a href=\"http:\/\/lahuelladigital.blogspot.com\/\">Nacho de la Fuente<\/a> li dedica unes l\u00ednies&#8230; De fet segurament ning\u00fa tornar\u00e0 a parlar d\u2019ell. Per cert, l\u2019home es deia Nicolai.<\/p>\n<p>ACTUALITZACI\u00d3 DEL 24 DE SETEMBRE 07<\/p>\n<p>* El reportatge &#8220;uvas de miseria&#8221; d&#8217;Informe Semanal (TV1) tractava el tema dels immigrants que treballen a la verema espanyola. Es va fer una breu al\u00b7lusi\u00f3 a la mort d&#8217;en Nicolai.<\/p>\n<p>* El diari &#8220;El Pa\u00eds&#8221; d&#8217;avui inclou en la portada una fotografia de la mare d&#8217;en Nicolai, i un ampli reportatge a la 28 titulat &#8220;Los sue\u00f1os rotos que mataron a Marian&#8221;, en el qual es parla de la fam\u00edlia de Nicolai en\u00a0 Targoviste (Rumania), b\u00e0sicament de la seva mare. L&#8217;article el signa Maria R. Sahuquillo, enviada especial. Suposo que altres diaris tamb\u00e9 en parlaran del tema. El nom correcte de l&#8217;immigrant no \u00e9sde Nicolai sin\u00f3\u00a0Marian Mirita.<\/p>\n<p>* En un canal de TV (TV5 o Antena 3) he vist que parlaven amb la mare de Nicolai. Era a les not\u00edcies d&#8217;aquest mitgdia.<\/p>\n","protected":false},"excerpt":{"rendered":"<p>La not\u00edcia (aqu\u00ed completa) deia &#8220;Un home de nacionalitat romanesa es troba en estat greu despr\u00e9s de cremar-se davant de la subdelegaci\u00f3 del govern de Castell\u00f3 per sol\u00b7licitar ajuda econ\u00f2mica amb la finalitat de poder tornar al seu pa\u00eds amb la seva fam\u00edlia. En un primer moment, ha estat ingressat a l&#8217;hospital general de Castell\u00f3,&#8230;<\/p>\n","protected":false},"author":3,"featured_media":0,"comment_status":"open","ping_status":"open","sticky":false,"template":"","format":"standard","meta":{"footnotes":""},"categories":[17],"tags":[],"_links":{"self":[{"href":"https:\/\/www.mariusdomingo.com\/altacapa\/index.php?rest_route=\/wp\/v2\/posts\/614"}],"collection":[{"href":"https:\/\/www.mariusdomingo.com\/altacapa\/index.php?rest_route=\/wp\/v2\/posts"}],"about":[{"href":"https:\/\/www.mariusdomingo.com\/altacapa\/index.php?rest_route=\/wp\/v2\/types\/post"}],"author":[{"embeddable":true,"href":"https:\/\/www.mariusdomingo.com\/altacapa\/index.php?rest_route=\/wp\/v2\/users\/3"}],"replies":[{"embeddable":true,"href":"https:\/\/www.mariusdomingo.com\/altacapa\/index.php?rest_route=%2Fwp%2Fv2%2Fcomments&post=614"}],"version-history":[{"count":0,"href":"https:\/\/www.mariusdomingo.com\/altacapa\/index.php?rest_route=\/wp\/v2\/posts\/614\/revisions"}],"wp:attachment":[{"href":"https:\/\/www.mariusdomingo.com\/altacapa\/index.php?rest_route=%2Fwp%2Fv2%2Fmedia&parent=614"}],"wp:term":[{"taxonomy":"category","embeddable":true,"href":"https:\/\/www.mariusdomingo.com\/altacapa\/index.php?rest_route=%2Fwp%2Fv2%2Fcategories&post=614"},{"taxonomy":"post_tag","embeddable":true,"href":"https:\/\/www.mariusdomingo.com\/altacapa\/index.php?rest_route=%2Fwp%2Fv2%2Ftags&post=614"}],"curies":[{"name":"wp","href":"https:\/\/api.w.org\/{rel}","templated":true}]}}