{"id":6454,"date":"2011-05-04T22:05:51","date_gmt":"2011-05-04T21:05:51","guid":{"rendered":"http:\/\/www.mariusdomingo.com\/altacapa\/?p=6454"},"modified":"2011-05-04T22:06:25","modified_gmt":"2011-05-04T21:06:25","slug":"antoni-pedrola-fabrica-asland","status":"publish","type":"post","link":"https:\/\/www.mariusdomingo.com\/altacapa\/?p=6454","title":{"rendered":"Antoni Pedrola, &#8220;F\u00e0brica Asland&#8221;"},"content":{"rendered":"<p><a href=\"http:\/\/www.mariusdomingo.com\/altacapa\/wp-content\/antoni-pedrola_fabrica-asland_bloc.jpg\"><img loading=\"lazy\" decoding=\"async\" class=\"alignnone size-full wp-image-6455\" title=\"antoni-pedrola_fabrica-asland_bloc\" src=\"http:\/\/www.mariusdomingo.com\/altacapa\/wp-content\/antoni-pedrola_fabrica-asland_bloc.jpg\" alt=\"antoni-pedrola_fabrica-asland_bloc\" width=\"366\" height=\"268\" \/><\/a><\/p>\n<p>Pintat l&#8217;any 1971, aquesta pe\u00e7a &#8211;que representa l&#8217;antiga f\u00e0brica Asland de la <a href=\"http:\/\/es.wikipedia.org\/wiki\/La_Pobla_de_Lillet\" target=\"_blank\">Pobla de Lillet<\/a>, al Bergued\u00e0&#8211; no t\u00e9 el color habitual en els treballs d&#8217;<a href=\"http:\/\/www.antonipedrola.com\/home.aspx\" target=\"_blank\">Antoni Pedrola<\/a> (Vistabella, 1928). Predomina el gris, el blau fosc, el negre. Potser per aix\u00f2 em va agradar. Recull l&#8217;esperit dels anys setanta, la industrialitzaci\u00f3 accelerada i sense fre, la foscor del final de la dictadura. L&#8217;artista fixa la mirada en aquest banda del paisatge que \u00e9s tamb\u00e9 el s\u00edmbol de la burgesia industrial catalana del tombant de segle, tamb\u00e9 com a contrast amb la realitat dels anys setanta.<\/p>\n<p>|Antoni Pedrola Font (Vistabella, Tarragon\u00e8s, 1928) |<em>F\u00e1brica Asland<\/em>, Pobla de Lillet |Acr\u00edlic sobre cartolina, 1971|68 x 50 cm| Dedicat: \u201cA l&#8217;il\u00b7lustre Amic Miquel Masriera\u201d |signat en l&#8217;angle inferior dret| Signat, titulat i localitzat al dors|<\/p>\n<p>[L&#8217;antiga f\u00e0brica de Ciment Asland, va ser el primer complex industrial constru\u00eft a la cap\u00e7alera del riu Llobregat, amb la finalitat de produir ciment a partir dels recursos naturals d\u2019aquesta part de la comarca del Bergued\u00e0, com la pedra calc\u00e0ria, el carb\u00f3 de les mines de la serra del Catllar\u00e0s i l&#8217;energia hidr\u00e0ulica del riu Llobregat.<br \/>\nLa construcci\u00f3 de la f\u00e0brica es va iniciar l&#8217;any 1901 per Eusebi G\u00fcell, que, amb altres empresaris com Joaquim d&#8217;Abadal, Manel Arn\u00fas i Llu\u00eds Ferrer-Vidal van fundar l&#8217;empresa General de Asfaltos y Portland, Asland, S. A. Va ser la primera f\u00e0brica de ciment industrial de Catalunya.<br \/>\nConstru\u00efda aprofitant el pendent de la muntanya per minimitzar els costos d&#8217;energia i esfor\u00e7os en el transport, s&#8217;organitza en tretze esglaons des de la zona de la pedrera a l&#8217;espai de magatzem i transport. Inicialment projectada en dues fases, una vegada la primera va estar en funcionament, es va desestimar l&#8217;ampliaci\u00f3. Va funcionar fins l&#8217;any 1975 i una part es va derruir per extreure la maquin\u00e0ria i vendre-la com a ferralla.<br \/>\nDes del punt de vista arquitect\u00f2nic destaca la seva adaptaci\u00f3 a la topografia, al proc\u00e9s industrial i la ubicaci\u00f3 dels recursos energ\u00e8tics.<br \/>\nTamb\u00e9 destaca l&#8217;\u00fas de la volta catalana de ma\u00f3 pla de dos o tres gruixos sobre esveltes armadures met\u00e0l\u00b7liques recolzades sobre murs i pilars, com a element conformador de les cobertes, aspecte que el propietari va consultar amb l&#8217;arquitecte Rafael Guastavino, que aleshores estava difonent aquesta pr\u00e0ctica als Estats Units.<br \/>\nActualment la f\u00e0brica \u00e9s propietat de la Generalitat de Catalunya per cessi\u00f3 de Lafarge-Asland i est\u00e0 adscrita al Museu de la Ci\u00e8ncia i de la T\u00e8cnica de Catalunya, que ha restaurat una part on ja s&#8217;ha instal\u00b7lat el Museu del Ciment, inaugurat el 1992.]<\/p>\n","protected":false},"excerpt":{"rendered":"<p>Pintat l&#8217;any 1971, aquesta pe\u00e7a &#8211;que representa l&#8217;antiga f\u00e0brica Asland de la Pobla de Lillet, al Bergued\u00e0&#8211; no t\u00e9 el color habitual en els treballs d&#8217;Antoni Pedrola (Vistabella, 1928). Predomina el gris, el blau fosc, el negre. Potser per aix\u00f2 em va agradar. Recull l&#8217;esperit dels anys setanta, la industrialitzaci\u00f3 accelerada i sense fre, la&#8230;<\/p>\n","protected":false},"author":3,"featured_media":0,"comment_status":"open","ping_status":"open","sticky":false,"template":"","format":"standard","meta":{"footnotes":""},"categories":[5],"tags":[],"_links":{"self":[{"href":"https:\/\/www.mariusdomingo.com\/altacapa\/index.php?rest_route=\/wp\/v2\/posts\/6454"}],"collection":[{"href":"https:\/\/www.mariusdomingo.com\/altacapa\/index.php?rest_route=\/wp\/v2\/posts"}],"about":[{"href":"https:\/\/www.mariusdomingo.com\/altacapa\/index.php?rest_route=\/wp\/v2\/types\/post"}],"author":[{"embeddable":true,"href":"https:\/\/www.mariusdomingo.com\/altacapa\/index.php?rest_route=\/wp\/v2\/users\/3"}],"replies":[{"embeddable":true,"href":"https:\/\/www.mariusdomingo.com\/altacapa\/index.php?rest_route=%2Fwp%2Fv2%2Fcomments&post=6454"}],"version-history":[{"count":0,"href":"https:\/\/www.mariusdomingo.com\/altacapa\/index.php?rest_route=\/wp\/v2\/posts\/6454\/revisions"}],"wp:attachment":[{"href":"https:\/\/www.mariusdomingo.com\/altacapa\/index.php?rest_route=%2Fwp%2Fv2%2Fmedia&parent=6454"}],"wp:term":[{"taxonomy":"category","embeddable":true,"href":"https:\/\/www.mariusdomingo.com\/altacapa\/index.php?rest_route=%2Fwp%2Fv2%2Fcategories&post=6454"},{"taxonomy":"post_tag","embeddable":true,"href":"https:\/\/www.mariusdomingo.com\/altacapa\/index.php?rest_route=%2Fwp%2Fv2%2Ftags&post=6454"}],"curies":[{"name":"wp","href":"https:\/\/api.w.org\/{rel}","templated":true}]}}