{"id":651,"date":"2008-11-26T21:34:36","date_gmt":"2008-11-26T20:34:36","guid":{"rendered":"http:\/\/www.mariusdomingo.com\/altacapa\/?p=651"},"modified":"2015-11-13T12:03:50","modified_gmt":"2015-11-13T11:03:50","slug":"1a-setmana-del-comic-avantmatx","status":"publish","type":"post","link":"https:\/\/www.mariusdomingo.com\/altacapa\/?p=651","title":{"rendered":"1a setmana del c\u00f2mic (avantmatx)"},"content":{"rendered":"<p><img decoding=\"async\" alt=\"1a_setmana_comic.jpg\" id=\"image1223\" src=\"http:\/\/www.mariusdomingo.com\/altacapa\/wp-content\/1a_setmana_comic.jpg\" \/><\/p>\n<p>Del 7 a l&#8217;11 de maig tindrem per Tarragona la primera setmana del c\u00f2mic, una proposta liderada per la revista Delir\u00f3polis, que al llarg de 3 anys (29 n\u00fameros) ha publicat a gent d&#8217;aqu\u00ed: Ramon Sarl\u00e9, Laura Vado \u201cWalto\u201d, Hugo Prades, Napi, Miquel Villaba, Josep Zaragoza i d&#8217;altres llocs. Durant aquesta setmana es faran un munt d&#8217;actes, centrats en la Sala El Magatzem de la Cooperativa Obrera (C\/ Reding, 14 de tgn).<\/p>\n<p>[el programa complet en <a href=\"http:\/\/comicencatala.blogspot.com\/2008\/04\/1a-setmana-del-cmic-de-tarragona.html\">comicat<\/a> gr\u00e0cies a <a href=\"http:\/\/meoquidemanimo.blogspot.com\/\">Nightwing<\/a>]<\/p>\n","protected":false},"excerpt":{"rendered":"<p>Del 7 a l&#8217;11 de maig tindrem per Tarragona la primera setmana del c\u00f2mic, una proposta liderada per la revista Delir\u00f3polis, que al llarg de 3 anys (29 n\u00fameros) ha publicat a gent d&#8217;aqu\u00ed: Ramon Sarl\u00e9, Laura Vado \u201cWalto\u201d, Hugo Prades, Napi, Miquel Villaba, Josep Zaragoza i d&#8217;altres llocs. Durant aquesta setmana es faran un&#8230;<\/p>\n","protected":false},"author":3,"featured_media":0,"comment_status":"open","ping_status":"open","sticky":false,"template":"","format":"standard","meta":{"footnotes":""},"categories":[7],"tags":[],"_links":{"self":[{"href":"https:\/\/www.mariusdomingo.com\/altacapa\/index.php?rest_route=\/wp\/v2\/posts\/651"}],"collection":[{"href":"https:\/\/www.mariusdomingo.com\/altacapa\/index.php?rest_route=\/wp\/v2\/posts"}],"about":[{"href":"https:\/\/www.mariusdomingo.com\/altacapa\/index.php?rest_route=\/wp\/v2\/types\/post"}],"author":[{"embeddable":true,"href":"https:\/\/www.mariusdomingo.com\/altacapa\/index.php?rest_route=\/wp\/v2\/users\/3"}],"replies":[{"embeddable":true,"href":"https:\/\/www.mariusdomingo.com\/altacapa\/index.php?rest_route=%2Fwp%2Fv2%2Fcomments&post=651"}],"version-history":[{"count":1,"href":"https:\/\/www.mariusdomingo.com\/altacapa\/index.php?rest_route=\/wp\/v2\/posts\/651\/revisions"}],"predecessor-version":[{"id":12327,"href":"https:\/\/www.mariusdomingo.com\/altacapa\/index.php?rest_route=\/wp\/v2\/posts\/651\/revisions\/12327"}],"wp:attachment":[{"href":"https:\/\/www.mariusdomingo.com\/altacapa\/index.php?rest_route=%2Fwp%2Fv2%2Fmedia&parent=651"}],"wp:term":[{"taxonomy":"category","embeddable":true,"href":"https:\/\/www.mariusdomingo.com\/altacapa\/index.php?rest_route=%2Fwp%2Fv2%2Fcategories&post=651"},{"taxonomy":"post_tag","embeddable":true,"href":"https:\/\/www.mariusdomingo.com\/altacapa\/index.php?rest_route=%2Fwp%2Fv2%2Ftags&post=651"}],"curies":[{"name":"wp","href":"https:\/\/api.w.org\/{rel}","templated":true}]}}