{"id":6541,"date":"2011-05-31T14:57:45","date_gmt":"2011-05-31T13:57:45","guid":{"rendered":"http:\/\/www.mariusdomingo.com\/altacapa\/?p=6541"},"modified":"2011-05-31T14:57:45","modified_gmt":"2011-05-31T13:57:45","slug":"artiga-maig-2011","status":"publish","type":"post","link":"https:\/\/www.mariusdomingo.com\/altacapa\/?p=6541","title":{"rendered":"Artiga (Maig 2011)"},"content":{"rendered":"<p><a href=\"http:\/\/www.mariusdomingo.com\/altacapa\/wp-content\/artiga13.jpg\"><img loading=\"lazy\" decoding=\"async\" class=\"alignnone size-full wp-image-6542\" title=\"artiga13\" src=\"http:\/\/www.mariusdomingo.com\/altacapa\/wp-content\/artiga13.jpg\" alt=\"artiga13\" width=\"167\" height=\"243\" \/><\/a><\/p>\n<p>Doncs ja est\u00e0 al carrer el darrer n\u00famero d&#8217;Artiga (<a href=\"http:\/\/www.art-tarragona.com\/artiga\/Artiga13.pdf\" target=\"_blank\">aqu\u00ed<\/a> en pdf), i ja van 13.<\/p>\n<p>CONTINGUTS: Especial 2011 LUMENS a Valls. Festes Decennals de la Candela. Bill Viola &#8211; Topografies re-versibles &#8211; Anabel Jujol &#8211; \u00c0frica, l&#8217;objecte com a valor de canvi &#8211; Ant\u00f2nia Ripoll &#8211; Jordi Secall i Jordi Sarr\u00e0 &#8211; Marcel Pey &#8211; Ser i estar de l&#8217;artista. (Confer\u00e8ncies) &#8211; Genius Loci. Tarragona revelada &#8211; Joan Mestre &#8211; Display &#8211; 30 anys Premi de pintura Vila de Cambrils &#8211; Tom Carr &#8211; Joaquim Chancho &#8211; Escultura. Processos ocults &#8211; Joan Rebull &#8211; \u00c8lia LLach &#8211; La Ferida Lluminosa S.L. &#8211; Hans-Peter Feldmann &#8211; De l&#8217;art al r\u00e8gim editorial &#8211; Ignasi Aball\u00ed &#8211; S\u00e8niors resistents &#8211; Entrevista directora Centre d&#8217;art de Tarragona.<\/p>\n<p>A partir de la setmana seg\u00fcent es podr\u00e0 trobar als PUNTS DE DISTRIBUCI\u00d3:<br \/>\nTarragona:\u00a0 Museu d\u2019Art Modern, Antiga Audi\u00e8ncia, Serveis Territorials de Cultura<br \/>\nReus:\u00a0 Galeria Artloft, Galeria Antoni Pinyol, Centre de Lectura, Centre d\u2019Art cal Mass\u00f3<br \/>\nAmposta: Museu Montsi\u00e0 &#8211; Tortosa: Escola Taller d\u2019Art<br \/>\nValls: Museu de Valls &#8211; El Vendrell: Galeria Camila P\u00e9rez<\/p>\n","protected":false},"excerpt":{"rendered":"<p>Doncs ja est\u00e0 al carrer el darrer n\u00famero d&#8217;Artiga (aqu\u00ed en pdf), i ja van 13. CONTINGUTS: Especial 2011 LUMENS a Valls. Festes Decennals de la Candela. Bill Viola &#8211; Topografies re-versibles &#8211; Anabel Jujol &#8211; \u00c0frica, l&#8217;objecte com a valor de canvi &#8211; Ant\u00f2nia Ripoll &#8211; Jordi Secall i Jordi Sarr\u00e0 &#8211; Marcel Pey&#8230;<\/p>\n","protected":false},"author":3,"featured_media":0,"comment_status":"open","ping_status":"open","sticky":false,"template":"","format":"standard","meta":{"footnotes":""},"categories":[12],"tags":[],"_links":{"self":[{"href":"https:\/\/www.mariusdomingo.com\/altacapa\/index.php?rest_route=\/wp\/v2\/posts\/6541"}],"collection":[{"href":"https:\/\/www.mariusdomingo.com\/altacapa\/index.php?rest_route=\/wp\/v2\/posts"}],"about":[{"href":"https:\/\/www.mariusdomingo.com\/altacapa\/index.php?rest_route=\/wp\/v2\/types\/post"}],"author":[{"embeddable":true,"href":"https:\/\/www.mariusdomingo.com\/altacapa\/index.php?rest_route=\/wp\/v2\/users\/3"}],"replies":[{"embeddable":true,"href":"https:\/\/www.mariusdomingo.com\/altacapa\/index.php?rest_route=%2Fwp%2Fv2%2Fcomments&post=6541"}],"version-history":[{"count":0,"href":"https:\/\/www.mariusdomingo.com\/altacapa\/index.php?rest_route=\/wp\/v2\/posts\/6541\/revisions"}],"wp:attachment":[{"href":"https:\/\/www.mariusdomingo.com\/altacapa\/index.php?rest_route=%2Fwp%2Fv2%2Fmedia&parent=6541"}],"wp:term":[{"taxonomy":"category","embeddable":true,"href":"https:\/\/www.mariusdomingo.com\/altacapa\/index.php?rest_route=%2Fwp%2Fv2%2Fcategories&post=6541"},{"taxonomy":"post_tag","embeddable":true,"href":"https:\/\/www.mariusdomingo.com\/altacapa\/index.php?rest_route=%2Fwp%2Fv2%2Ftags&post=6541"}],"curies":[{"name":"wp","href":"https:\/\/api.w.org\/{rel}","templated":true}]}}