{"id":680,"date":"2007-10-23T22:10:07","date_gmt":"2007-10-23T21:10:07","guid":{"rendered":"http:\/\/www.mariusdomingo.com\/altacapa\/?p=680"},"modified":"2007-10-23T22:16:14","modified_gmt":"2007-10-23T21:16:14","slug":"imatges-en-altacapa","status":"publish","type":"post","link":"https:\/\/www.mariusdomingo.com\/altacapa\/?p=680","title":{"rendered":"Imatges en Altacapa"},"content":{"rendered":"<p>Aquests dies, despr\u00e9s del cas del noi malalt de qui van posar un v\u00eddeo en YouTube en qu\u00e8 un b\u00e8sties se\u2019n burlaven d\u2019ell, he estat reflexionant sobre la difusi\u00f3 d\u2019imatges en internet, i particularment en el meu bloc. En aquesta \u201creflexi\u00f3\u201d tamb\u00e9 han jugat un paper important algunes converses amb l\u2019amic Artik, amb R que em va parlar del drets d\u2019autor, i fins i tot amb el ve\u00ed P que em va donar informaci\u00f3 dels problemes legals que poden sorgir si alg\u00fa publica una opini\u00f3 an\u00f2nima en un post d\u2019Altacapa i una tercera persona se sent al\u00b7ludida.<br \/>\nFinalment he redactat una mena de dec\u00e0leg a la manera de llibre d\u2019estil, que anir\u00e9 completant els propers dies:<br \/>\n1. Les imatges que apareguin en Altacapa seran originals, \u00e9s a dir, fotografies fetes per Altacapa, o per tercers que expl\u00edcitament les cedeixin per ser publicades en aquest bloc.<br \/>\n2. La publicaci\u00f3 d\u2019imatges en qu\u00e8 es puguin identificar persones comptar\u00e0 sempre amb el consentiment expr\u00e9s de la persona fotografiada, excepte el que recull la legislaci\u00f3 sobre el dret a la pr\u00f2pia imatge de persones que tenen un c\u00e0rrec p\u00fablic o una professi\u00f3 de notorietat i la imatge sigui pressa en un lloc p\u00fablic, o quan la persona aparegui com a merament access\u00f2ria en un lloc p\u00fablic.\u00a0<br \/>\n3. No es publicaran imatges en qu\u00e8 es puguin identificar menors d\u2019edat.<br \/>\n4. La publicaci\u00f3 de Logos, anagrames o s\u00edmbols que identifiquen marques comercials, pa\u00efsos, empreses, etc. aniran acompanyades d\u2019una indicaci\u00f3 sobre la seva proced\u00e8ncia.<\/p>\n<p><strong>[Podeu afegir les idees que tingueu]<\/strong><\/p>\n","protected":false},"excerpt":{"rendered":"<p>Aquests dies, despr\u00e9s del cas del noi malalt de qui van posar un v\u00eddeo en YouTube en qu\u00e8 un b\u00e8sties se\u2019n burlaven d\u2019ell, he estat reflexionant sobre la difusi\u00f3 d\u2019imatges en internet, i particularment en el meu bloc. En aquesta \u201creflexi\u00f3\u201d tamb\u00e9 han jugat un paper important algunes converses amb l\u2019amic Artik, amb R que&#8230;<\/p>\n","protected":false},"author":3,"featured_media":0,"comment_status":"open","ping_status":"open","sticky":false,"template":"","format":"standard","meta":{"footnotes":""},"categories":[2,4],"tags":[],"_links":{"self":[{"href":"https:\/\/www.mariusdomingo.com\/altacapa\/index.php?rest_route=\/wp\/v2\/posts\/680"}],"collection":[{"href":"https:\/\/www.mariusdomingo.com\/altacapa\/index.php?rest_route=\/wp\/v2\/posts"}],"about":[{"href":"https:\/\/www.mariusdomingo.com\/altacapa\/index.php?rest_route=\/wp\/v2\/types\/post"}],"author":[{"embeddable":true,"href":"https:\/\/www.mariusdomingo.com\/altacapa\/index.php?rest_route=\/wp\/v2\/users\/3"}],"replies":[{"embeddable":true,"href":"https:\/\/www.mariusdomingo.com\/altacapa\/index.php?rest_route=%2Fwp%2Fv2%2Fcomments&post=680"}],"version-history":[{"count":0,"href":"https:\/\/www.mariusdomingo.com\/altacapa\/index.php?rest_route=\/wp\/v2\/posts\/680\/revisions"}],"wp:attachment":[{"href":"https:\/\/www.mariusdomingo.com\/altacapa\/index.php?rest_route=%2Fwp%2Fv2%2Fmedia&parent=680"}],"wp:term":[{"taxonomy":"category","embeddable":true,"href":"https:\/\/www.mariusdomingo.com\/altacapa\/index.php?rest_route=%2Fwp%2Fv2%2Fcategories&post=680"},{"taxonomy":"post_tag","embeddable":true,"href":"https:\/\/www.mariusdomingo.com\/altacapa\/index.php?rest_route=%2Fwp%2Fv2%2Ftags&post=680"}],"curies":[{"name":"wp","href":"https:\/\/api.w.org\/{rel}","templated":true}]}}