{"id":7045,"date":"2011-10-26T22:39:13","date_gmt":"2011-10-26T21:39:13","guid":{"rendered":"http:\/\/www.mariusdomingo.com\/altacapa\/?p=7045"},"modified":"2011-10-26T22:43:28","modified_gmt":"2011-10-26T21:43:28","slug":"llibertat-de-jonathan-franzen-apte-per-a-misfits","status":"publish","type":"post","link":"https:\/\/www.mariusdomingo.com\/altacapa\/?p=7045","title":{"rendered":"Llibertat, de Jonathan Franzen, apte per a &#8220;misfits&#8221;"},"content":{"rendered":"<p><a href=\"http:\/\/www.mariusdomingo.com\/altacapa\/wp-content\/jonathan-franzen.jpg\"><img loading=\"lazy\" decoding=\"async\" class=\"alignnone size-full wp-image-7046\" title=\"jonathan-franzen\" src=\"http:\/\/www.mariusdomingo.com\/altacapa\/wp-content\/jonathan-franzen.jpg\" alt=\"jonathan-franzen\" width=\"278\" height=\"412\" srcset=\"https:\/\/www.mariusdomingo.com\/altacapa\/img_blog\/jonathan-franzen.jpg 350w, https:\/\/www.mariusdomingo.com\/altacapa\/img_blog\/jonathan-franzen-202x300.jpg 202w\" sizes=\"(max-width: 278px) 100vw, 278px\" \/><\/a><\/p>\n<p>Jonathan Franzen (Western Srpings, Illinois, 1959) \u00e9s un dels escriptors americans actuals que m\u00e9s m&#8217;interessen, amb Roth, DeLillo i Ford formen el meu p\u00f2quer d&#8217;asos personal. Ara surt en catal\u00e0 &#8211;publicada per Columna, en una versi\u00f3 de Josefina Caball&#8211; <em>Llibertat<\/em>, (816 p\u00e0gines, 25 \u20ac) un dels llibres m\u00e9s esperats de la temporada liter\u00e0ria. Perfecte per comen\u00e7ar la tardor, especialment si podeu fer uns dies de festa aprofitant el pont de la setmana pr\u00f2xima.<\/p>\n<p>Em quedo amb aquest comentari que fa Franzen parlant del que pensa del poder de la literatura:<\/p>\n<p>&#8220;No escric per a tothom. Escric per a la gent que no encaixa en el m\u00f3n. Per als que no hi estan satisfets i senten vergonya. Escric per als <em>misfits<\/em>. Pertanyen a totes les classes, a totes les races, sexes i edats. No \u00e9s una minoria insubstancial, potser arriben al 5 % de la poblaci\u00f3, potser m\u00e9s. S\u00f3n les persones que llegeixen i que potser <a href=\"http:\/\/www.mariusdomingo.com\/altacapa\/?p=6729\" target=\"_blank\">visiten les tombes dels seus escriptors preferits<\/a>, perqu\u00e8 se senten menys sols fent-ho. Aquesta \u00e9s la gent que realment em preocupa&#8221;<\/p>\n<p>[crec que podem traduir <em>misfits<\/em> com a <em>inadaptats<\/em>][crec que finalment potser em puc considerar un d&#8217;aquests <em>misfits<\/em>]<\/p>\n","protected":false},"excerpt":{"rendered":"<p>Jonathan Franzen (Western Srpings, Illinois, 1959) \u00e9s un dels escriptors americans actuals que m\u00e9s m&#8217;interessen, amb Roth, DeLillo i Ford formen el meu p\u00f2quer d&#8217;asos personal. Ara surt en catal\u00e0 &#8211;publicada per Columna, en una versi\u00f3 de Josefina Caball&#8211; Llibertat, (816 p\u00e0gines, 25 \u20ac) un dels llibres m\u00e9s esperats de la temporada liter\u00e0ria. Perfecte per&#8230;<\/p>\n","protected":false},"author":3,"featured_media":0,"comment_status":"open","ping_status":"open","sticky":false,"template":"","format":"standard","meta":{"footnotes":""},"categories":[3],"tags":[],"_links":{"self":[{"href":"https:\/\/www.mariusdomingo.com\/altacapa\/index.php?rest_route=\/wp\/v2\/posts\/7045"}],"collection":[{"href":"https:\/\/www.mariusdomingo.com\/altacapa\/index.php?rest_route=\/wp\/v2\/posts"}],"about":[{"href":"https:\/\/www.mariusdomingo.com\/altacapa\/index.php?rest_route=\/wp\/v2\/types\/post"}],"author":[{"embeddable":true,"href":"https:\/\/www.mariusdomingo.com\/altacapa\/index.php?rest_route=\/wp\/v2\/users\/3"}],"replies":[{"embeddable":true,"href":"https:\/\/www.mariusdomingo.com\/altacapa\/index.php?rest_route=%2Fwp%2Fv2%2Fcomments&post=7045"}],"version-history":[{"count":0,"href":"https:\/\/www.mariusdomingo.com\/altacapa\/index.php?rest_route=\/wp\/v2\/posts\/7045\/revisions"}],"wp:attachment":[{"href":"https:\/\/www.mariusdomingo.com\/altacapa\/index.php?rest_route=%2Fwp%2Fv2%2Fmedia&parent=7045"}],"wp:term":[{"taxonomy":"category","embeddable":true,"href":"https:\/\/www.mariusdomingo.com\/altacapa\/index.php?rest_route=%2Fwp%2Fv2%2Fcategories&post=7045"},{"taxonomy":"post_tag","embeddable":true,"href":"https:\/\/www.mariusdomingo.com\/altacapa\/index.php?rest_route=%2Fwp%2Fv2%2Ftags&post=7045"}],"curies":[{"name":"wp","href":"https:\/\/api.w.org\/{rel}","templated":true}]}}