{"id":707,"date":"2007-11-06T22:46:56","date_gmt":"2007-11-06T21:46:56","guid":{"rendered":"http:\/\/www.mariusdomingo.com\/altacapa\/?p=707"},"modified":"2007-11-06T22:46:56","modified_gmt":"2007-11-06T21:46:56","slug":"industria-cultural-a-tarragona","status":"publish","type":"post","link":"https:\/\/www.mariusdomingo.com\/altacapa\/?p=707","title":{"rendered":"Ind\u00fastria cultural a Tarragona"},"content":{"rendered":"<p><img loading=\"lazy\" decoding=\"async\" id=\"image706\" style=\"width: 131px; height: 83px\" height=\"83\" alt=\"elmatgazem.jpg\" src=\"http:\/\/www.mariusdomingo.com\/altacapa\/wp-content\/elmatgazem.jpg\" width=\"131\" \/><\/p>\n<p>Una mica de debat cultural sempre \u00e9s interessant&#8230; Aqu\u00ed teniu un fragment de les declaracions del Sergi Xirinacs que es publiquen avui en <a href=\"http:\/\/www.vilaweb.cat\/www\/elpunt\">El Punt<\/a>.<\/p>\n<p><em>\u00abTarragona no t\u00e9 ind\u00fastria cultural i, tal com anem, no la tindr\u00e0\u00bb.(&#8230;)<br \/>\nEls responsables d&#8217;El Magatzem van destacar ahir que els \u00abpocs recursos\u00bb de qu\u00e8 disposen han decidit destinar-los a la producci\u00f3 pr\u00f2pia. Els espectacles que es presentaran en els pr\u00f2xims tres mesos s\u00f3n \u00abfets, produ\u00efts i realitzats amb gent i grups residents al Teatre El Magatzem de la Cooperativa Obrera\u00bb, segons Teresa Valls, directora del teatre. Sergi Xirinacs es va mostrar molt cr\u00edtic amb la manca de suport institucional a la producci\u00f3. \u00abA Tarragona tamb\u00e9 es pot crear, tamb\u00e9 es pot produir\u00bb, va dir Xirinacs, que confia que \u00abaquesta situaci\u00f3, que nom\u00e9s passa a la demarcaci\u00f3 de Tarragona, gaireb\u00e9 end\u00e8mica, i que ens situa fora del mapa cultural del pa\u00eds, finalment ser\u00e0 corregida pels nous governs, de l&#8217;Ajuntament i de la Generalitat\u00bb. Per Xirinacs, \u00abA Tarragona no hi ha una ind\u00fastria cultural i, tal com anem, no hi ser\u00e0. Creadors ho som tots, per\u00f2 si no hi ha suports t\u00e8cnics la creaci\u00f3 \u00e9s ef\u00edmera\u00bb.<\/em><br \/>\n[+ <a href=\"http:\/\/www.vilaweb.cat\/www\/elpunt\/noticia?p_idcmp=2618311\">noticia completa<\/a>][<a href=\"http:\/\/webfacil.tinet.cat\/teatrem\/logo.jpg\">proced\u00e8ncia<\/a> logo]<\/p>\n<p>\u00a0<\/p>\n","protected":false},"excerpt":{"rendered":"<p>Una mica de debat cultural sempre \u00e9s interessant&#8230; Aqu\u00ed teniu un fragment de les declaracions del Sergi Xirinacs que es publiquen avui en El Punt. \u00abTarragona no t\u00e9 ind\u00fastria cultural i, tal com anem, no la tindr\u00e0\u00bb.(&#8230;) Els responsables d&#8217;El Magatzem van destacar ahir que els \u00abpocs recursos\u00bb de qu\u00e8 disposen han decidit destinar-los a&#8230;<\/p>\n","protected":false},"author":3,"featured_media":0,"comment_status":"open","ping_status":"open","sticky":false,"template":"","format":"standard","meta":{"footnotes":""},"categories":[23],"tags":[],"_links":{"self":[{"href":"https:\/\/www.mariusdomingo.com\/altacapa\/index.php?rest_route=\/wp\/v2\/posts\/707"}],"collection":[{"href":"https:\/\/www.mariusdomingo.com\/altacapa\/index.php?rest_route=\/wp\/v2\/posts"}],"about":[{"href":"https:\/\/www.mariusdomingo.com\/altacapa\/index.php?rest_route=\/wp\/v2\/types\/post"}],"author":[{"embeddable":true,"href":"https:\/\/www.mariusdomingo.com\/altacapa\/index.php?rest_route=\/wp\/v2\/users\/3"}],"replies":[{"embeddable":true,"href":"https:\/\/www.mariusdomingo.com\/altacapa\/index.php?rest_route=%2Fwp%2Fv2%2Fcomments&post=707"}],"version-history":[{"count":0,"href":"https:\/\/www.mariusdomingo.com\/altacapa\/index.php?rest_route=\/wp\/v2\/posts\/707\/revisions"}],"wp:attachment":[{"href":"https:\/\/www.mariusdomingo.com\/altacapa\/index.php?rest_route=%2Fwp%2Fv2%2Fmedia&parent=707"}],"wp:term":[{"taxonomy":"category","embeddable":true,"href":"https:\/\/www.mariusdomingo.com\/altacapa\/index.php?rest_route=%2Fwp%2Fv2%2Fcategories&post=707"},{"taxonomy":"post_tag","embeddable":true,"href":"https:\/\/www.mariusdomingo.com\/altacapa\/index.php?rest_route=%2Fwp%2Fv2%2Ftags&post=707"}],"curies":[{"name":"wp","href":"https:\/\/api.w.org\/{rel}","templated":true}]}}