{"id":804,"date":"2007-12-17T23:18:00","date_gmt":"2007-12-17T22:18:00","guid":{"rendered":"http:\/\/www.mariusdomingo.com\/altacapa\/?p=804"},"modified":"2009-04-18T22:17:56","modified_gmt":"2009-04-18T21:17:56","slug":"superflat","status":"publish","type":"post","link":"https:\/\/www.mariusdomingo.com\/altacapa\/?p=804","title":{"rendered":"Superflat"},"content":{"rendered":"<p><img loading=\"lazy\" decoding=\"async\" id=\"image803\" style=\"width: 166px; height: 255px;\" src=\"http:\/\/www.mariusdomingo.com\/altacapa\/wp-content\/erina_matsui.jpg\" alt=\"erina_matsui.jpg\" width=\"166\" height=\"255\" \/><\/p>\n<p>El moviment art\u00edstic m\u00e9s influent del moment al Jap\u00f3 \u00e9s <a href=\"http:\/\/es.wikipedia.org\/wiki\/Superflat\">Superflat<\/a>, fundat per l\u2019artista <a href=\"http:\/\/en.wikipedia.org\/wiki\/Takashi_Murakami\">Takashi Murakami<\/a>, qui est\u00e0 influenciat pel manga i l\u2019anime. En el seu aspecte hist\u00f2ric i sociol\u00f2gic, la teoria Superflat de Murakami tracta d\u2019explicar com la societat japonesa s\u2019ha tornat m\u00e9s i m\u00e9s plana, m\u00e9s i m\u00e9s superficial, a la vegada que postula que el futur globalitzat ser\u00e0 Superflat.<br \/>\nSuperflat t\u00e9 les seves arrels en el trauma produ\u00eft al Jap\u00f3 despr\u00e9s de la derrota de la segona guerra mundial, i en com la societat nipona es va acostar a alguns aspectes de la cultura pop americana, com els dibuixos animats que originen el fenomen Otaku dels seguidors de la cultura manga.<br \/>\nEls representants m\u00e9s joves del moviment Superflat exposen aquesta temporada a la Fundaci\u00f3 Mir\u00f3 de Barcelona. Tots tenen en com\u00fa la bidimensionalitat de les seves creacions, l\u2019est\u00e8tica pop, el <em>kitch<\/em>, el c\u00f2mic, el m\u00f3n\u00a0 infantil o els personatges fant\u00e0stics.<br \/>\nVal la pena donar un tomb per les sales de la Fundaci\u00f3 Mir\u00f3 per tenir una idea de cap a on van les coses&#8230; suposant que vagin cap a algun costat, i aix\u00f2 ens pugui interessar.<\/p>\n<p>|<a href=\"http:\/\/www.bcn.fjmiro.cat\/\">Fundaci\u00f3 Mir\u00f3<\/a> Espai_13|Erina Matsui|Kawaii? O la infantesa de l\u2019art|23 de novembre de 2007 \u2013 13 de gener de 2008|<\/p>\n","protected":false},"excerpt":{"rendered":"<p>El moviment art\u00edstic m\u00e9s influent del moment al Jap\u00f3 \u00e9s Superflat, fundat per l\u2019artista Takashi Murakami, qui est\u00e0 influenciat pel manga i l\u2019anime. En el seu aspecte hist\u00f2ric i sociol\u00f2gic, la teoria Superflat de Murakami tracta d\u2019explicar com la societat japonesa s\u2019ha tornat m\u00e9s i m\u00e9s plana, m\u00e9s i m\u00e9s superficial, a la vegada que&#8230;<\/p>\n","protected":false},"author":3,"featured_media":0,"comment_status":"open","ping_status":"open","sticky":false,"template":"","format":"standard","meta":{"footnotes":""},"categories":[19,34],"tags":[],"_links":{"self":[{"href":"https:\/\/www.mariusdomingo.com\/altacapa\/index.php?rest_route=\/wp\/v2\/posts\/804"}],"collection":[{"href":"https:\/\/www.mariusdomingo.com\/altacapa\/index.php?rest_route=\/wp\/v2\/posts"}],"about":[{"href":"https:\/\/www.mariusdomingo.com\/altacapa\/index.php?rest_route=\/wp\/v2\/types\/post"}],"author":[{"embeddable":true,"href":"https:\/\/www.mariusdomingo.com\/altacapa\/index.php?rest_route=\/wp\/v2\/users\/3"}],"replies":[{"embeddable":true,"href":"https:\/\/www.mariusdomingo.com\/altacapa\/index.php?rest_route=%2Fwp%2Fv2%2Fcomments&post=804"}],"version-history":[{"count":0,"href":"https:\/\/www.mariusdomingo.com\/altacapa\/index.php?rest_route=\/wp\/v2\/posts\/804\/revisions"}],"wp:attachment":[{"href":"https:\/\/www.mariusdomingo.com\/altacapa\/index.php?rest_route=%2Fwp%2Fv2%2Fmedia&parent=804"}],"wp:term":[{"taxonomy":"category","embeddable":true,"href":"https:\/\/www.mariusdomingo.com\/altacapa\/index.php?rest_route=%2Fwp%2Fv2%2Fcategories&post=804"},{"taxonomy":"post_tag","embeddable":true,"href":"https:\/\/www.mariusdomingo.com\/altacapa\/index.php?rest_route=%2Fwp%2Fv2%2Ftags&post=804"}],"curies":[{"name":"wp","href":"https:\/\/api.w.org\/{rel}","templated":true}]}}