{"id":8509,"date":"2012-09-27T18:06:28","date_gmt":"2012-09-27T17:06:28","guid":{"rendered":"http:\/\/www.mariusdomingo.com\/altacapa\/?p=8509"},"modified":"2012-09-27T18:09:17","modified_gmt":"2012-09-27T17:09:17","slug":"richard-serra-la-materia-del-temps","status":"publish","type":"post","link":"https:\/\/www.mariusdomingo.com\/altacapa\/?p=8509","title":{"rendered":"Richard Serra, la mat\u00e8ria del temps"},"content":{"rendered":"<p><a href=\"http:\/\/www.mariusdomingo.com\/altacapa\/wp-content\/serra_1.jpg\"><img loading=\"lazy\" decoding=\"async\" class=\"alignnone size-full wp-image-8623\" title=\"serra_1\" src=\"http:\/\/www.mariusdomingo.com\/altacapa\/wp-content\/serra_1.jpg\" alt=\"serra_1\" width=\"403\" height=\"302\" srcset=\"https:\/\/www.mariusdomingo.com\/altacapa\/img_blog\/serra_1.jpg 448w, https:\/\/www.mariusdomingo.com\/altacapa\/img_blog\/serra_1-300x224.jpg 300w\" sizes=\"(max-width: 403px) 100vw, 403px\" \/><\/a><\/p>\n<p><span><em>La mat\u00e8ria del temps<\/em> (<em>The Matter of Time<\/em>, 1994-<\/span><span>2005<\/span><span>) \u00e9s un conjunt de vuit escultures de Richard Serra que ocupen un dels espais m\u00e9s emblem\u00e0tics de Museu Guggenheim de Bilbao, per on vaig estar fa unes setmanes. \u00c9s possiblement un dels millors treballs de Serra. <\/span>&#8220;L&#8217;experi\u00e8ncia de la vida a trav\u00e9s de les obres constitueix l&#8217;objecte mateix de l&#8217;art, i aquesta experi\u00e8ncia t\u00e9 probablement poc o molt poc a veure amb la realitat material de l&#8217;obra. El meu treball implica, abans que res, passejar i mirar, per\u00f2 no li puc ensenyar a ning\u00fa com caminar ni com mirar&#8221;, manifesta l&#8217;escultor. Crec que \u00e9s una bona definici\u00f3 del di\u00e0leg que s&#8217;estableix de forma \u00edntima entre l&#8217;obra d&#8217;art i l&#8217;espectador. Aix\u00f2 s\u00ed: hi ha petites obres d&#8217;art amb un poder semblant.<\/p>\n<p><a href=\"http:\/\/www.mariusdomingo.com\/altacapa\/wp-content\/serra_2.jpg\"><img loading=\"lazy\" decoding=\"async\" class=\"alignnone size-full wp-image-8624\" title=\"serra_2\" src=\"http:\/\/www.mariusdomingo.com\/altacapa\/wp-content\/serra_2.jpg\" alt=\"serra_2\" width=\"336\" height=\"359\" srcset=\"https:\/\/www.mariusdomingo.com\/altacapa\/img_blog\/serra_2.jpg 336w, https:\/\/www.mariusdomingo.com\/altacapa\/img_blog\/serra_2-280x300.jpg 280w\" sizes=\"(max-width: 336px) 100vw, 336px\" \/><\/a><\/p>\n","protected":false},"excerpt":{"rendered":"<p>La mat\u00e8ria del temps (The Matter of Time, 1994-2005) \u00e9s un conjunt de vuit escultures de Richard Serra que ocupen un dels espais m\u00e9s emblem\u00e0tics de Museu Guggenheim de Bilbao, per on vaig estar fa unes setmanes. \u00c9s possiblement un dels millors treballs de Serra. &#8220;L&#8217;experi\u00e8ncia de la vida a trav\u00e9s de les obres constitueix&#8230;<\/p>\n","protected":false},"author":3,"featured_media":0,"comment_status":"open","ping_status":"open","sticky":false,"template":"","format":"standard","meta":{"footnotes":""},"categories":[38],"tags":[],"_links":{"self":[{"href":"https:\/\/www.mariusdomingo.com\/altacapa\/index.php?rest_route=\/wp\/v2\/posts\/8509"}],"collection":[{"href":"https:\/\/www.mariusdomingo.com\/altacapa\/index.php?rest_route=\/wp\/v2\/posts"}],"about":[{"href":"https:\/\/www.mariusdomingo.com\/altacapa\/index.php?rest_route=\/wp\/v2\/types\/post"}],"author":[{"embeddable":true,"href":"https:\/\/www.mariusdomingo.com\/altacapa\/index.php?rest_route=\/wp\/v2\/users\/3"}],"replies":[{"embeddable":true,"href":"https:\/\/www.mariusdomingo.com\/altacapa\/index.php?rest_route=%2Fwp%2Fv2%2Fcomments&post=8509"}],"version-history":[{"count":0,"href":"https:\/\/www.mariusdomingo.com\/altacapa\/index.php?rest_route=\/wp\/v2\/posts\/8509\/revisions"}],"wp:attachment":[{"href":"https:\/\/www.mariusdomingo.com\/altacapa\/index.php?rest_route=%2Fwp%2Fv2%2Fmedia&parent=8509"}],"wp:term":[{"taxonomy":"category","embeddable":true,"href":"https:\/\/www.mariusdomingo.com\/altacapa\/index.php?rest_route=%2Fwp%2Fv2%2Fcategories&post=8509"},{"taxonomy":"post_tag","embeddable":true,"href":"https:\/\/www.mariusdomingo.com\/altacapa\/index.php?rest_route=%2Fwp%2Fv2%2Ftags&post=8509"}],"curies":[{"name":"wp","href":"https:\/\/api.w.org\/{rel}","templated":true}]}}