{"id":9874,"date":"2013-09-04T13:06:17","date_gmt":"2013-09-04T12:06:17","guid":{"rendered":"http:\/\/www.mariusdomingo.com\/altacapa\/?p=9874"},"modified":"2013-09-04T13:07:42","modified_gmt":"2013-09-04T12:07:42","slug":"biennal-de-venecia-i","status":"publish","type":"post","link":"https:\/\/www.mariusdomingo.com\/altacapa\/?p=9874","title":{"rendered":"Biennal de Ven\u00e8cia (I)"},"content":{"rendered":"<p><a href=\"http:\/\/www.mariusdomingo.com\/altacapa\/wp-content\/venecia-estiu-2013.jpg\"><img loading=\"lazy\" decoding=\"async\" class=\"alignnone size-full wp-image-9875\" title=\"venecia-estiu-2013\" src=\"http:\/\/www.mariusdomingo.com\/altacapa\/wp-content\/venecia-estiu-2013.jpg\" alt=\"venecia-estiu-2013\" width=\"448\" height=\"336\" srcset=\"https:\/\/www.mariusdomingo.com\/altacapa\/img_blog\/venecia-estiu-2013.jpg 448w, https:\/\/www.mariusdomingo.com\/altacapa\/img_blog\/venecia-estiu-2013-300x224.jpg 300w\" sizes=\"(max-width: 448px) 100vw, 448px\" \/><\/a><\/p>\n<p>Sempre he pensat que el principal inconvenient de la Biennal de Ven\u00e8cia \u00e9s Ven\u00e8cia. La ciutat \u00e9s tan potent que costa resituar-se, \u00e9s com un gran museu a l&#8217;aire lliure amb una gran sorpresa: hi ha venecians. Gent que viu en pisos gran o petits, que pateix i t\u00e9 preocupacions, que fa la compra, renta roba, que est\u00e0 a l&#8217;atur o treballa, que t\u00e9 parelles, insomni, ganes de passar-ho b\u00e9 i de ser feli\u00e7. \u00a0Persones com nosaltres, per\u00f2 aix\u00f2 s\u00ed, persones invisibles, molt dif\u00edcils de veure. Els venecians deixen algunes pistes, com ara roba estesa a les finestres, fins i tot una rialla sobtada darrera una porta o una senyora d&#8217;una certa edat llegint <em>Il Gazzettino \u2212<\/em>el diari que llegeixen els habitants de Ven\u00e8cia\u2014 asseguda despreocupadament a la porta de casa seva.<\/p>\n<p><a href=\"http:\/\/www.mariusdomingo.com\/altacapa\/wp-content\/venecia-juliol-2013.jpg\"><img loading=\"lazy\" decoding=\"async\" class=\"alignnone size-full wp-image-9876\" title=\"venecia-juliol-2013\" src=\"http:\/\/www.mariusdomingo.com\/altacapa\/wp-content\/venecia-juliol-2013.jpg\" alt=\"venecia-juliol-2013\" width=\"448\" height=\"336\" srcset=\"https:\/\/www.mariusdomingo.com\/altacapa\/img_blog\/venecia-juliol-2013.jpg 448w, https:\/\/www.mariusdomingo.com\/altacapa\/img_blog\/venecia-juliol-2013-300x224.jpg 300w\" sizes=\"(max-width: 448px) 100vw, 448px\" \/><\/a><\/p>\n","protected":false},"excerpt":{"rendered":"<p>Sempre he pensat que el principal inconvenient de la Biennal de Ven\u00e8cia \u00e9s Ven\u00e8cia. La ciutat \u00e9s tan potent que costa resituar-se, \u00e9s com un gran museu a l&#8217;aire lliure amb una gran sorpresa: hi ha venecians. Gent que viu en pisos gran o petits, que pateix i t\u00e9 preocupacions, que fa la compra, renta&#8230;<\/p>\n","protected":false},"author":3,"featured_media":0,"comment_status":"open","ping_status":"open","sticky":false,"template":"","format":"standard","meta":{"footnotes":""},"categories":[19,13,23],"tags":[],"_links":{"self":[{"href":"https:\/\/www.mariusdomingo.com\/altacapa\/index.php?rest_route=\/wp\/v2\/posts\/9874"}],"collection":[{"href":"https:\/\/www.mariusdomingo.com\/altacapa\/index.php?rest_route=\/wp\/v2\/posts"}],"about":[{"href":"https:\/\/www.mariusdomingo.com\/altacapa\/index.php?rest_route=\/wp\/v2\/types\/post"}],"author":[{"embeddable":true,"href":"https:\/\/www.mariusdomingo.com\/altacapa\/index.php?rest_route=\/wp\/v2\/users\/3"}],"replies":[{"embeddable":true,"href":"https:\/\/www.mariusdomingo.com\/altacapa\/index.php?rest_route=%2Fwp%2Fv2%2Fcomments&post=9874"}],"version-history":[{"count":0,"href":"https:\/\/www.mariusdomingo.com\/altacapa\/index.php?rest_route=\/wp\/v2\/posts\/9874\/revisions"}],"wp:attachment":[{"href":"https:\/\/www.mariusdomingo.com\/altacapa\/index.php?rest_route=%2Fwp%2Fv2%2Fmedia&parent=9874"}],"wp:term":[{"taxonomy":"category","embeddable":true,"href":"https:\/\/www.mariusdomingo.com\/altacapa\/index.php?rest_route=%2Fwp%2Fv2%2Fcategories&post=9874"},{"taxonomy":"post_tag","embeddable":true,"href":"https:\/\/www.mariusdomingo.com\/altacapa\/index.php?rest_route=%2Fwp%2Fv2%2Ftags&post=9874"}],"curies":[{"name":"wp","href":"https:\/\/api.w.org\/{rel}","templated":true}]}}