{"id":9973,"date":"2013-10-30T19:56:11","date_gmt":"2013-10-30T18:56:11","guid":{"rendered":"http:\/\/www.mariusdomingo.com\/altacapa\/?p=9973"},"modified":"2013-10-30T19:56:11","modified_gmt":"2013-10-30T18:56:11","slug":"trobada-amb-thubten-wangchen","status":"publish","type":"post","link":"https:\/\/www.mariusdomingo.com\/altacapa\/?p=9973","title":{"rendered":"Trobada amb Thubten Wangchen"},"content":{"rendered":"<p><a href=\"http:\/\/www.mariusdomingo.com\/altacapa\/img_blog\/DSC_0357.jpg\"><img loading=\"lazy\" decoding=\"async\" class=\"alignnone size-medium wp-image-9974\" alt=\"DSC_0357\" src=\"http:\/\/www.mariusdomingo.com\/altacapa\/img_blog\/DSC_0357-e1383159068786-225x300.jpg\" width=\"225\" height=\"300\" srcset=\"https:\/\/www.mariusdomingo.com\/altacapa\/img_blog\/DSC_0357-e1383159068786-225x300.jpg 225w, https:\/\/www.mariusdomingo.com\/altacapa\/img_blog\/DSC_0357-e1383159068786-768x1024.jpg 768w, https:\/\/www.mariusdomingo.com\/altacapa\/img_blog\/DSC_0357-e1383159068786.jpg 1536w\" sizes=\"(max-width: 225px) 100vw, 225px\" \/><\/a><\/p>\n<p>Vaig tenir el plaer de poder xerrar ahir amb Thubten Wangchen (Tibet, 1954), lama budista fundador de la<a href=\"http:\/\/www.casadeltibetbcn.org\/\"> Casa del Tibet a Barcelona<\/a>. \u00a0\u00c9s una persona molt coneguda i medi\u00e0tica, va sortir al programa d&#8217;Albert Om,<em> El convidat <\/em>, i escriu regularment a la premsa. Va fer una confer\u00e8ncia amb motiu de la inauguraci\u00f3 del curs a l&#8217;Institut Dom\u00e8nech i Montaner de Reus, la seva xerrada es va centrar en la hist\u00f2ria del Tibet i en alguns aspectes de la cultura i la filosofia budista.<\/p>\n<p>\u00c9s dif\u00edcil fer un resum del que va dir, em va agradar la f\u00f3rmula que va donar per aconseguir l&#8217;\u00e8xit: paci\u00e8ncia + const\u00e0ncia.<\/p>\n<p>&nbsp;<\/p>\n","protected":false},"excerpt":{"rendered":"<p>Vaig tenir el plaer de poder xerrar ahir amb Thubten Wangchen (Tibet, 1954), lama budista fundador de la Casa del Tibet a Barcelona. \u00a0\u00c9s una persona molt coneguda i medi\u00e0tica, va sortir al programa d&#8217;Albert Om, El convidat , i escriu regularment a la premsa. Va fer una confer\u00e8ncia amb motiu de la inauguraci\u00f3 del&#8230;<\/p>\n","protected":false},"author":3,"featured_media":0,"comment_status":"open","ping_status":"open","sticky":false,"template":"","format":"standard","meta":{"footnotes":""},"categories":[23,42],"tags":[],"_links":{"self":[{"href":"https:\/\/www.mariusdomingo.com\/altacapa\/index.php?rest_route=\/wp\/v2\/posts\/9973"}],"collection":[{"href":"https:\/\/www.mariusdomingo.com\/altacapa\/index.php?rest_route=\/wp\/v2\/posts"}],"about":[{"href":"https:\/\/www.mariusdomingo.com\/altacapa\/index.php?rest_route=\/wp\/v2\/types\/post"}],"author":[{"embeddable":true,"href":"https:\/\/www.mariusdomingo.com\/altacapa\/index.php?rest_route=\/wp\/v2\/users\/3"}],"replies":[{"embeddable":true,"href":"https:\/\/www.mariusdomingo.com\/altacapa\/index.php?rest_route=%2Fwp%2Fv2%2Fcomments&post=9973"}],"version-history":[{"count":1,"href":"https:\/\/www.mariusdomingo.com\/altacapa\/index.php?rest_route=\/wp\/v2\/posts\/9973\/revisions"}],"predecessor-version":[{"id":9975,"href":"https:\/\/www.mariusdomingo.com\/altacapa\/index.php?rest_route=\/wp\/v2\/posts\/9973\/revisions\/9975"}],"wp:attachment":[{"href":"https:\/\/www.mariusdomingo.com\/altacapa\/index.php?rest_route=%2Fwp%2Fv2%2Fmedia&parent=9973"}],"wp:term":[{"taxonomy":"category","embeddable":true,"href":"https:\/\/www.mariusdomingo.com\/altacapa\/index.php?rest_route=%2Fwp%2Fv2%2Fcategories&post=9973"},{"taxonomy":"post_tag","embeddable":true,"href":"https:\/\/www.mariusdomingo.com\/altacapa\/index.php?rest_route=%2Fwp%2Fv2%2Ftags&post=9973"}],"curies":[{"name":"wp","href":"https:\/\/api.w.org\/{rel}","templated":true}]}}